{"id":732,"date":"2020-06-04T10:42:47","date_gmt":"2020-06-04T08:42:47","guid":{"rendered":"https:\/\/euroinnovaeditorial.es\/blog\/?p=732"},"modified":"2020-06-04T10:42:49","modified_gmt":"2020-06-04T08:42:49","slug":"novedades-en-especialidades-formativas","status":"publish","type":"post","link":"https:\/\/euroinnovaeditorial.es\/blog\/especialidades-formativas\/novedades-en-especialidades-formativas\/","title":{"rendered":"Medidas extraordinarias en especialidades formativas por el COVID-19"},"content":{"rendered":"\n<p>La <strong>excepcional situaci\u00f3n<\/strong> que est\u00e1 viviendo el mundo desde hace ya casi cuatro meses, y que ha afectado con gran dureza a nuestro pa\u00eds, obliga a que todo lo que ten\u00edamos planteado cambie de tiempo y forma. De un d\u00eda para otro hemos implementado, en muchas ocasiones con gran maestr\u00eda, nuevas formas de llevar a cabo las acciones habituales de nuestra vida.<\/p>\n<p>La<strong> formaci\u00f3n<\/strong>, es una de estas acciones, que, evidentemente ha sufrido modificaciones a lo largo de estos meses con el fin de adecuarse a la nueva situaci\u00f3n. Por ello, se present\u00f3 la <a href=\"https:\/\/www.boe.es\/boe\/dias\/2020\/04\/17\/pdfs\/BOE-A-2020-4506.pdf\" target=\"_blank\" rel=\"nofollow noopener noreferrer\">Resoluci\u00f3n del 15 de abril de 2020<\/a>, del Servicio P\u00fablico de Empleo Estatal, por la que se establecen, en su \u00e1mbito de gesti\u00f3n, <strong>medidas extraordinarias<\/strong> para hacer frente al impacto del COVID-19 en materia de formaci\u00f3n profesional para el empleo en el \u00e1mbito laboral.<\/p>\n<p>A lo largo del art\u00edculo iremos resumiendo cu\u00e1les son las principales <strong>novedades en especialidades formativas<\/strong> que incorpora esta resoluci\u00f3n y que llevan consigo cambios para poder llevar a cabo la oferta formativa para personas trabajadoras ocupadas que se adec\u00faan a las nuevas <strong>medidas de protecci\u00f3n y prevenci\u00f3n<\/strong> contra el <a href=\"_wp_link_placeholder\" data-wplink-edit=\"true\"><strong>COVID-19<\/strong><\/a>.<\/p>\n\n\n\n<h2 class=\"wp-block-heading\">\u00bfQui\u00e9n puede participar en los programas formativos?<\/h2>\n\n\n\n<p>Una de las <strong>novedades en especialidades<\/strong> <strong>formativas<\/strong> m\u00e1s destacable es que <strong>se incrementa el porcentaje de personas desempleadas<\/strong>, inscritas como demandantes de empleo, de un 30% a un <strong>m\u00e1ximo del 40% por cada programa<\/strong>. Esta formaci\u00f3n, est\u00e1 destinada en su mayor\u00eda a trabajadores, pero siempre se ha reservado un porcentaje, que ahora aumenta, para desempleados que estuvieran en b\u00fasqueda activa de empleo con el fin de especializarse y poder conseguir as\u00ed sus objetivos profesionales.<\/p>\n<p>Asimismo, los colectivos que podr\u00e1n participar en cualquier programa de formaci\u00f3n, con independencia del tipo y \u00e1mbito sectorial del mismo son:<\/p>\n<ol>\n<li><strong>Personas trabajadoras<\/strong> cuya relaci\u00f3n laboral se haya <strong>extinguido por un expediente de regulaci\u00f3n de empleo<\/strong>. Es decir, las personas con un <strong>ERE<\/strong> podr\u00e1n participar en los programas formativos, con los mismos requisitos que cuando estaban trabajando.<\/li>\n<li><strong>Personas trabajadoras <\/strong>cuyos contratos se hayan <strong>suspendido por un expediente de regulaci\u00f3n temporal de empleo.<\/strong> Asimismo, y al igual que ocurre con el ERE, si est\u00e1s incluido en un <strong>ERTE<\/strong> tambi\u00e9n podr\u00e1s participar en las acciones formativas durante la suspensi\u00f3n del contrato, con independencia de la causa que esta suspensi\u00f3n.<\/li>\n<li><strong>Personas trabajadoras aut\u00f3nomas. <\/strong><\/li>\n<li><strong>Personas trabajadoras de la econom\u00eda social, <\/strong>indistintamente del <a href=\"https:\/\/ucomur.org\/economia-social\/tipos-de-entidades\/\" target=\"_blank\" rel=\"nofollow noopener noreferrer\">tipo de entidad<\/a> a la que pertenezcas.<\/li>\n<\/ol>\n\n\n\n<h2 class=\"wp-block-heading\">\u00bfQu\u00e9 sucede con los permisos individuales de formaci\u00f3n?<\/h2>\n\n\n\n<p>Otra de las novedades en especialidades formativas es la<strong> suspensi\u00f3n de los permisos individuales de formaci\u00f3n<\/strong>, por tanto, toda la actividad formativa asociada a los permisos individuales de formaci\u00f3n que se hubiera suspendido por la declaraci\u00f3n del estado de alarma <strong>podr\u00e1 reanudarse una vez cesada la vigencia de la misma<\/strong>.<\/p>\n<p>Sin embargo, se <strong>admitir\u00e1n los cambios necesarios<\/strong> en las <strong>condiciones<\/strong> de <strong>concesi\u00f3n de los permisos solicitados<\/strong> por los trabajadores a sus empresas para posibilitar que este siga disfrutando del permiso.<\/p>\n<p>Por ende, si la entidad que imparte la acci\u00f3n formativa ha <strong>establecido medidas para la continuaci\u00f3n de la actividad<\/strong>, dicha <strong>asistencia<\/strong> podr\u00e1 <strong>justificarse<\/strong> con la emisi\u00f3n de <strong>certificados<\/strong> que emita el centro formativo. \u00a0<\/p>\n\n\n\n<h2 class=\"wp-block-heading\">Ampliaci\u00f3n del plazo de ejecuci\u00f3n de programas formativos.<\/h2>\n\n\n\n<p>Por \u00faltimo, el SEPE establece una <strong>ampliaci\u00f3n en el plazo de ejecuci\u00f3n<\/strong> de todos los programas formativos financiados por un tiempo equivalente al del <strong>periodo de vigencia del estado de alarma m\u00e1s un periodo adicional de seis meses<\/strong>.<\/p>\n<p>As\u00ed, es importante recalcar que el periodo de ejecuci\u00f3n se inicia la fecha en la que se notifica a la entidad beneficiaria la concesi\u00f3n de la subvenci\u00f3n, por ello si ese es tu caso no te preocupes. Tienes seis meses adicionales al momento en el que finalice el estado de alarma para llevar a cabo la acci\u00f3n formativa.<\/p>\n\n\n\n<h2 class=\"wp-block-heading\">\u00a1El momento para formarte es ahora!<\/h2>\n\n\n\n<p>Resueltas todas las dudas acerca de las novedades en especialidades formativas, es hora de que te plantees <strong>realizar una especializaci\u00f3n<\/strong> en tu sector a trav\u00e9s de estas acciones formativas. Podr\u00e1s convertirte en un <strong>experto en la materia<\/strong> y <strong>crear<\/strong> en ti un <strong>valor<\/strong> imprescindible para cualquier entidad.<\/p>\n<p>Si est\u00e1s interesado en conocer cu\u00e1l es la oferta de especialidades formativas disponibles<strong> consulta<\/strong> el <strong><a href=\"http:\/\/euroinnovaeditorial.es\/themes\/euroinnovaeditorial\/pdf\/Convocatoria-Ocupados-Especialidades-Formativas.pdf\" target=\"_blank\" rel=\"noopener noreferrer\">cat\u00e1logo<\/a><\/strong> de <strong>Euroinnova Editorial<\/strong> y elige la opci\u00f3n que m\u00e1s se adapte a tus necesidades profesionales.<\/p>\n\n\n<div class=\"kk-star-ratings kksr-auto kksr-align-left kksr-valign-bottom\"\n    data-payload='{&quot;align&quot;:&quot;left&quot;,&quot;id&quot;:&quot;732&quot;,&quot;slug&quot;:&quot;default&quot;,&quot;valign&quot;:&quot;bottom&quot;,&quot;ignore&quot;:&quot;&quot;,&quot;reference&quot;:&quot;auto&quot;,&quot;class&quot;:&quot;&quot;,&quot;count&quot;:&quot;0&quot;,&quot;legendonly&quot;:&quot;&quot;,&quot;readonly&quot;:&quot;&quot;,&quot;score&quot;:&quot;0&quot;,&quot;starsonly&quot;:&quot;&quot;,&quot;best&quot;:&quot;5&quot;,&quot;gap&quot;:&quot;5&quot;,&quot;greet&quot;:&quot;Rate this post&quot;,&quot;legend&quot;:&quot;0\\\/5 - (0 votes)&quot;,&quot;size&quot;:&quot;24&quot;,&quot;title&quot;:&quot;Medidas extraordinarias en especialidades formativas por el COVID-19&quot;,&quot;width&quot;:&quot;0&quot;,&quot;_legend&quot;:&quot;{score}\\\/{best} - ({count} {votes})&quot;,&quot;font_factor&quot;:&quot;1.25&quot;}'>\n            \n<div class=\"kksr-stars\">\n    \n<div class=\"kksr-stars-inactive\">\n            <div class=\"kksr-star\" data-star=\"1\" style=\"padding-right: 5px\">\n            \n\n<div class=\"kksr-icon\" style=\"width: 24px; height: 24px;\"><\/div>\n        <\/div>\n            <div class=\"kksr-star\" data-star=\"2\" style=\"padding-right: 5px\">\n            \n\n<div class=\"kksr-icon\" style=\"width: 24px; height: 24px;\"><\/div>\n        <\/div>\n            <div class=\"kksr-star\" data-star=\"3\" style=\"padding-right: 5px\">\n            \n\n<div class=\"kksr-icon\" style=\"width: 24px; height: 24px;\"><\/div>\n        <\/div>\n            <div class=\"kksr-star\" data-star=\"4\" style=\"padding-right: 5px\">\n            \n\n<div class=\"kksr-icon\" style=\"width: 24px; height: 24px;\"><\/div>\n        <\/div>\n            <div class=\"kksr-star\" data-star=\"5\" style=\"padding-right: 5px\">\n            \n\n<div class=\"kksr-icon\" style=\"width: 24px; height: 24px;\"><\/div>\n        <\/div>\n    <\/div>\n    \n<div class=\"kksr-stars-active\" style=\"width: 0px;\">\n            <div class=\"kksr-star\" style=\"padding-right: 5px\">\n            \n\n<div class=\"kksr-icon\" style=\"width: 24px; height: 24px;\"><\/div>\n        <\/div>\n            <div class=\"kksr-star\" style=\"padding-right: 5px\">\n            \n\n<div class=\"kksr-icon\" style=\"width: 24px; height: 24px;\"><\/div>\n        <\/div>\n            <div class=\"kksr-star\" style=\"padding-right: 5px\">\n            \n\n<div class=\"kksr-icon\" style=\"width: 24px; height: 24px;\"><\/div>\n        <\/div>\n            <div class=\"kksr-star\" style=\"padding-right: 5px\">\n            \n\n<div class=\"kksr-icon\" style=\"width: 24px; height: 24px;\"><\/div>\n        <\/div>\n            <div class=\"kksr-star\" style=\"padding-right: 5px\">\n            \n\n<div class=\"kksr-icon\" style=\"width: 24px; height: 24px;\"><\/div>\n        <\/div>\n    <\/div>\n<\/div>\n                \n\n<div class=\"kksr-legend\" style=\"font-size: 19.2px;\">\n            <span class=\"kksr-muted\">Rate this post<\/span>\n    <\/div>\n    <\/div>\n","protected":false},"excerpt":{"rendered":"<p>En este art\u00edculo te detallamos todas las medidas extraordinarias llevadas a cabo por el SEPE en materia de formaci\u00f3n profesional. Si est\u00e1s interesado, haz click e inf\u00f3rmate de todas las novedades. <\/p>\n","protected":false},"author":6,"featured_media":733,"comment_status":"open","ping_status":"open","sticky":false,"template":"","format":"standard","meta":[],"categories":[5],"tags":[],"yoast_head":"<!-- This site is optimized with the Yoast SEO plugin v20.8 - https:\/\/yoast.com\/wordpress\/plugins\/seo\/ -->\n<title>Medidas extraordinarias en Especialidades Formativas contra el COVID-19<\/title>\n<meta name=\"description\" content=\"Encuentra aqu\u00ed toda la informaci\u00f3n acerca de las novedades en especialidades formativas debido a la situaci\u00f3n excepcional provocada por el COVID-19\" \/>\n<meta name=\"robots\" content=\"index, follow, max-snippet:-1, max-image-preview:large, max-video-preview:-1\" \/>\n<link rel=\"canonical\" href=\"https:\/\/euroinnovaeditorial.es\/blog\/especialidades-formativas\/novedades-en-especialidades-formativas\/\" \/>\n<meta property=\"og:locale\" content=\"es_ES\" \/>\n<meta property=\"og:type\" content=\"article\" \/>\n<meta property=\"og:title\" content=\"Medidas extraordinarias en Especialidades Formativas contra el COVID-19\" \/>\n<meta property=\"og:description\" content=\"Encuentra aqu\u00ed toda la informaci\u00f3n acerca de las novedades en especialidades formativas debido a la situaci\u00f3n excepcional provocada por el COVID-19\" \/>\n<meta property=\"og:url\" content=\"https:\/\/euroinnovaeditorial.es\/blog\/especialidades-formativas\/novedades-en-especialidades-formativas\/\" \/>\n<meta property=\"og:site_name\" content=\"Blog Euroinnova Editorial\" \/>\n<meta property=\"article:published_time\" content=\"2020-06-04T08:42:47+00:00\" \/>\n<meta property=\"article:modified_time\" content=\"2020-06-04T08:42:49+00:00\" \/>\n<meta property=\"og:image\" content=\"https:\/\/euroinnovaeditorial.es\/blog\/wp-content\/uploads\/2020\/06\/novedades-en-especialidades-formativas.jpg\" \/>\n\t<meta property=\"og:image:width\" content=\"1620\" \/>\n\t<meta property=\"og:image:height\" content=\"1081\" \/>\n\t<meta property=\"og:image:type\" content=\"image\/jpeg\" \/>\n<meta name=\"author\" content=\"Emilio Zamora Garc\u00eda\" \/>\n<meta name=\"twitter:card\" content=\"summary_large_image\" \/>\n<meta name=\"twitter:label1\" content=\"Written by\" \/>\n\t<meta name=\"twitter:data1\" content=\"Emilio Zamora Garc\u00eda\" \/>\n\t<meta name=\"twitter:label2\" content=\"Est. reading time\" \/>\n\t<meta name=\"twitter:data2\" content=\"4 minutos\" \/>\n<script type=\"application\/ld+json\" class=\"yoast-schema-graph\">{\"@context\":\"https:\/\/schema.org\",\"@graph\":[{\"@type\":\"WebPage\",\"@id\":\"https:\/\/euroinnovaeditorial.es\/blog\/especialidades-formativas\/novedades-en-especialidades-formativas\/\",\"url\":\"https:\/\/euroinnovaeditorial.es\/blog\/especialidades-formativas\/novedades-en-especialidades-formativas\/\",\"name\":\"Medidas extraordinarias en Especialidades Formativas contra el COVID-19\",\"isPartOf\":{\"@id\":\"https:\/\/euroinnovaeditorial.es\/blog\/#website\"},\"datePublished\":\"2020-06-04T08:42:47+00:00\",\"dateModified\":\"2020-06-04T08:42:49+00:00\",\"author\":{\"@id\":\"https:\/\/euroinnovaeditorial.es\/blog\/#\/schema\/person\/775e3c6fb602747134abf243f065693a\"},\"description\":\"Encuentra aqu\u00ed toda la informaci\u00f3n acerca de las novedades en especialidades formativas debido a la situaci\u00f3n excepcional provocada por el COVID-19\",\"breadcrumb\":{\"@id\":\"https:\/\/euroinnovaeditorial.es\/blog\/especialidades-formativas\/novedades-en-especialidades-formativas\/#breadcrumb\"},\"inLanguage\":\"es\",\"potentialAction\":[{\"@type\":\"ReadAction\",\"target\":[\"https:\/\/euroinnovaeditorial.es\/blog\/especialidades-formativas\/novedades-en-especialidades-formativas\/\"]}]},{\"@type\":\"BreadcrumbList\",\"@id\":\"https:\/\/euroinnovaeditorial.es\/blog\/especialidades-formativas\/novedades-en-especialidades-formativas\/#breadcrumb\",\"itemListElement\":[{\"@type\":\"ListItem\",\"position\":1,\"name\":\"Blog\",\"item\":\"https:\/\/euroinnovaeditorial.es\/blog\/\"},{\"@type\":\"ListItem\",\"position\":2,\"name\":\"Especialidades formativas\",\"item\":\"https:\/\/euroinnovaeditorial.es\/blog\/especialidades-formativas\/\"},{\"@type\":\"ListItem\",\"position\":3,\"name\":\"Medidas extraordinarias en especialidades formativas por el COVID-19\"}]},{\"@type\":\"WebSite\",\"@id\":\"https:\/\/euroinnovaeditorial.es\/blog\/#website\",\"url\":\"https:\/\/euroinnovaeditorial.es\/blog\/\",\"name\":\"Blog Euroinnova Editorial\",\"description\":\"Blog de la web Euroinnova Editorial\",\"potentialAction\":[{\"@type\":\"SearchAction\",\"target\":{\"@type\":\"EntryPoint\",\"urlTemplate\":\"https:\/\/euroinnovaeditorial.es\/blog\/?s={search_term_string}\"},\"query-input\":\"required name=search_term_string\"}],\"inLanguage\":\"es\"},{\"@type\":\"Person\",\"@id\":\"https:\/\/euroinnovaeditorial.es\/blog\/#\/schema\/person\/775e3c6fb602747134abf243f065693a\",\"name\":\"Emilio Zamora Garc\u00eda\",\"image\":{\"@type\":\"ImageObject\",\"inLanguage\":\"es\",\"@id\":\"https:\/\/euroinnovaeditorial.es\/blog\/#\/schema\/person\/image\/\",\"url\":\"https:\/\/secure.gravatar.com\/avatar\/289a8bacd8785ba2cf510e8e8d1a632b?s=96&d=mm&r=g\",\"contentUrl\":\"https:\/\/secure.gravatar.com\/avatar\/289a8bacd8785ba2cf510e8e8d1a632b?s=96&d=mm&r=g\",\"caption\":\"Emilio Zamora Garc\u00eda\"},\"description\":\"Licenciado en Administraci\u00f3n y Direcci\u00f3n de Empresas. Actualmente trabaja en Euroinnova Editorial como T\u00e9cnico Editorial.\"}]}<\/script>\n<!-- \/ Yoast SEO plugin. -->","yoast_head_json":{"title":"Medidas extraordinarias en Especialidades Formativas contra el COVID-19","description":"Encuentra aqu\u00ed toda la informaci\u00f3n acerca de las novedades en especialidades formativas debido a la situaci\u00f3n excepcional provocada por el COVID-19","robots":{"index":"index","follow":"follow","max-snippet":"max-snippet:-1","max-image-preview":"max-image-preview:large","max-video-preview":"max-video-preview:-1"},"canonical":"https:\/\/euroinnovaeditorial.es\/blog\/especialidades-formativas\/novedades-en-especialidades-formativas\/","og_locale":"es_ES","og_type":"article","og_title":"Medidas extraordinarias en Especialidades Formativas contra el COVID-19","og_description":"Encuentra aqu\u00ed toda la informaci\u00f3n acerca de las novedades en especialidades formativas debido a la situaci\u00f3n excepcional provocada por el COVID-19","og_url":"https:\/\/euroinnovaeditorial.es\/blog\/especialidades-formativas\/novedades-en-especialidades-formativas\/","og_site_name":"Blog Euroinnova Editorial","article_published_time":"2020-06-04T08:42:47+00:00","article_modified_time":"2020-06-04T08:42:49+00:00","og_image":[{"width":1620,"height":1081,"url":"https:\/\/euroinnovaeditorial.es\/blog\/wp-content\/uploads\/2020\/06\/novedades-en-especialidades-formativas.jpg","type":"image\/jpeg"}],"author":"Emilio Zamora Garc\u00eda","twitter_card":"summary_large_image","twitter_misc":{"Written by":"Emilio Zamora Garc\u00eda","Est. reading time":"4 minutos"},"schema":{"@context":"https:\/\/schema.org","@graph":[{"@type":"WebPage","@id":"https:\/\/euroinnovaeditorial.es\/blog\/especialidades-formativas\/novedades-en-especialidades-formativas\/","url":"https:\/\/euroinnovaeditorial.es\/blog\/especialidades-formativas\/novedades-en-especialidades-formativas\/","name":"Medidas extraordinarias en Especialidades Formativas contra el COVID-19","isPartOf":{"@id":"https:\/\/euroinnovaeditorial.es\/blog\/#website"},"datePublished":"2020-06-04T08:42:47+00:00","dateModified":"2020-06-04T08:42:49+00:00","author":{"@id":"https:\/\/euroinnovaeditorial.es\/blog\/#\/schema\/person\/775e3c6fb602747134abf243f065693a"},"description":"Encuentra aqu\u00ed toda la informaci\u00f3n acerca de las novedades en especialidades formativas debido a la situaci\u00f3n excepcional provocada por el COVID-19","breadcrumb":{"@id":"https:\/\/euroinnovaeditorial.es\/blog\/especialidades-formativas\/novedades-en-especialidades-formativas\/#breadcrumb"},"inLanguage":"es","potentialAction":[{"@type":"ReadAction","target":["https:\/\/euroinnovaeditorial.es\/blog\/especialidades-formativas\/novedades-en-especialidades-formativas\/"]}]},{"@type":"BreadcrumbList","@id":"https:\/\/euroinnovaeditorial.es\/blog\/especialidades-formativas\/novedades-en-especialidades-formativas\/#breadcrumb","itemListElement":[{"@type":"ListItem","position":1,"name":"Blog","item":"https:\/\/euroinnovaeditorial.es\/blog\/"},{"@type":"ListItem","position":2,"name":"Especialidades formativas","item":"https:\/\/euroinnovaeditorial.es\/blog\/especialidades-formativas\/"},{"@type":"ListItem","position":3,"name":"Medidas extraordinarias en especialidades formativas por el COVID-19"}]},{"@type":"WebSite","@id":"https:\/\/euroinnovaeditorial.es\/blog\/#website","url":"https:\/\/euroinnovaeditorial.es\/blog\/","name":"Blog Euroinnova Editorial","description":"Blog de la web Euroinnova Editorial","potentialAction":[{"@type":"SearchAction","target":{"@type":"EntryPoint","urlTemplate":"https:\/\/euroinnovaeditorial.es\/blog\/?s={search_term_string}"},"query-input":"required name=search_term_string"}],"inLanguage":"es"},{"@type":"Person","@id":"https:\/\/euroinnovaeditorial.es\/blog\/#\/schema\/person\/775e3c6fb602747134abf243f065693a","name":"Emilio Zamora Garc\u00eda","image":{"@type":"ImageObject","inLanguage":"es","@id":"https:\/\/euroinnovaeditorial.es\/blog\/#\/schema\/person\/image\/","url":"https:\/\/secure.gravatar.com\/avatar\/289a8bacd8785ba2cf510e8e8d1a632b?s=96&d=mm&r=g","contentUrl":"https:\/\/secure.gravatar.com\/avatar\/289a8bacd8785ba2cf510e8e8d1a632b?s=96&d=mm&r=g","caption":"Emilio Zamora Garc\u00eda"},"description":"Licenciado en Administraci\u00f3n y Direcci\u00f3n de Empresas. Actualmente trabaja en Euroinnova Editorial como T\u00e9cnico Editorial."}]}},"_links":{"self":[{"href":"https:\/\/euroinnovaeditorial.es\/blog\/wp-json\/wp\/v2\/posts\/732"}],"collection":[{"href":"https:\/\/euroinnovaeditorial.es\/blog\/wp-json\/wp\/v2\/posts"}],"about":[{"href":"https:\/\/euroinnovaeditorial.es\/blog\/wp-json\/wp\/v2\/types\/post"}],"author":[{"embeddable":true,"href":"https:\/\/euroinnovaeditorial.es\/blog\/wp-json\/wp\/v2\/users\/6"}],"replies":[{"embeddable":true,"href":"https:\/\/euroinnovaeditorial.es\/blog\/wp-json\/wp\/v2\/comments?post=732"}],"version-history":[{"count":2,"href":"https:\/\/euroinnovaeditorial.es\/blog\/wp-json\/wp\/v2\/posts\/732\/revisions"}],"predecessor-version":[{"id":735,"href":"https:\/\/euroinnovaeditorial.es\/blog\/wp-json\/wp\/v2\/posts\/732\/revisions\/735"}],"wp:featuredmedia":[{"embeddable":true,"href":"https:\/\/euroinnovaeditorial.es\/blog\/wp-json\/wp\/v2\/media\/733"}],"wp:attachment":[{"href":"https:\/\/euroinnovaeditorial.es\/blog\/wp-json\/wp\/v2\/media?parent=732"}],"wp:term":[{"taxonomy":"category","embeddable":true,"href":"https:\/\/euroinnovaeditorial.es\/blog\/wp-json\/wp\/v2\/categories?post=732"},{"taxonomy":"post_tag","embeddable":true,"href":"https:\/\/euroinnovaeditorial.es\/blog\/wp-json\/wp\/v2\/tags?post=732"}],"curies":[{"name":"wp","href":"https:\/\/api.w.org\/{rel}","templated":true}]}}