{"id":700,"date":"2020-04-23T16:56:30","date_gmt":"2020-04-23T14:56:30","guid":{"rendered":"https:\/\/euroinnovaeditorial.es\/blog\/?p=700"},"modified":"2020-08-05T13:29:02","modified_gmt":"2020-08-05T11:29:02","slug":"medidas-formacion-profesional-empleo-covid-resolucion-sepe","status":"publish","type":"post","link":"https:\/\/euroinnovaeditorial.es\/blog\/novedades\/medidas-formacion-profesional-empleo-covid-resolucion-sepe\/","title":{"rendered":"Medidas en Formaci\u00f3n Profesional para el Empleo para hacer frente al Covid-19"},"content":{"rendered":"<p style=\"text-align: justify;\">Debido a la grave crisis sanitaria ocasionada por el COVID-19, el Gobierno dict\u00f3 el 14 de marzo el Real Decreto 463\/2020 para la protecci\u00f3n y seguridad de los ciudadanos. En el art\u00edculo 9 del citado decreto, quedan suspendidas todas las actividades educativas presenciales por lo que el impacto afecta casi a 1 mill\u00f3n de participantes en las convocatorias de subvenciones, 360.000 empresas y aproximadamente 5 millones de trabajadores.<\/p>\n<p style=\"text-align: justify;\">\u00a0<\/p>\n<h2 style=\"text-align: justify;\">\u00bfQu\u00e9 medidas nos encontramos?<\/h2>\n<p style=\"text-align: justify;\">La <a href=\"https:\/\/www.boe.es\/boe\/dias\/2020\/04\/17\/pdfs\/BOE-A-2020-4506.pdf\" target=\"_blank\" rel=\"nofollow noopener noreferrer\">resoluci\u00f3n del SEPE para la Formaci\u00f3n Profesional <\/a>del 15 de abril y con entrada en vigor el 18 del mismo mes, tiene por objetivo el establecimiento de medidas extraordinarias que hagan posible y faciliten la ejecuci\u00f3n de acciones formativas ante el estado de alarma que vive nuestro pa\u00eds.<\/p>\n<p style=\"text-align: justify;\">Pueden acogerse a estas medidas, las empresas que dispongan de cr\u00e9dito formativo y entidades beneficiarias de las subvenciones de la oferta formativa, pero deben mantener al menos la plantilla media de los \u00faltimos 6 meses anteriores a la declaraci\u00f3n del estado de alarma. A estos efectos, se computar\u00e1 como plantilla las personas trabajadoras que hayan sido afectadas por ERTEs.<\/p>\n<p style=\"text-align: justify;\">La resoluci\u00f3n del SEPE para la Formaci\u00f3n Profesional se divide en <strong>tres cap\u00edtulos<\/strong> con el fin de establecer medidas precisas para los diferentes \u00e1mbitos de la formaci\u00f3n. En el primer cap\u00edtulo, que desarrollaremos a continuaci\u00f3n, se centran en <strong>medidas de car\u00e1cter general para la formaci\u00f3n de empleo<\/strong> y la <strong>formaci\u00f3n dirigida a los Certificados de Profesionalidad.<\/strong> Estas medidas no s\u00f3lo existir\u00e1n durante el estado de alarma, sino que se extiende durante todo el periodo de ejecuci\u00f3n de las actividades formativas afectadas, para que puedan desarrollarse con las necesaria proyecci\u00f3n y estabilidad que garantice su eficacia.<\/p>\n<p style=\"text-align: justify;\">\u00a0<\/p>\n<h3 style=\"text-align: justify;\">Medidas para la formaci\u00f3n de empleo<\/h3>\n<ol style=\"text-align: justify;\">\n<li>La impartici\u00f3n de acciones formativas podr\u00e1 realizarse una vez suspendido el Real Decreto 463\/2020 del 14 de marzo. En este caso las entidades tendr\u00e1n un margen de dos meses, finalizado el estado de alarma, para <strong>comunicar nuevas fechas y nuevo calendario<\/strong> debiendo completarse el total de horas.<\/li>\n<li>Las acciones formativas iniciadas con anterioridad, cuya modalidad era presencial o mixta podr\u00e1n <strong>seguir realiz\u00e1ndose de manera online<\/strong>. Lo mismo ocurre con las acciones formativas que se han iniciado durante el estado de alarma.<\/li>\n<li>Se podr\u00e1 <strong>cambiar la modalidad a teleformaci\u00f3n<\/strong> en aquellas acciones formativas que todav\u00eda no se hayan iniciado, tanto si es presencial como si es mixta manteniendo el coste del m\u00f3dulo de la modalidad inicial. Este cambio no tendr\u00e1 efectos en la valoraci\u00f3n t\u00e9cnica, y solo se puede llevar a cabo si esta formaci\u00f3n figura dentro del Cat\u00e1logo de Especialidades Formativas del SEPE o se contempl\u00f3 en el Plan de Referencia Sectorial, del \u00e1mbito sectorial para la especialidad afectada.<\/li>\n<li>En todo caso, a trav\u00e9s de la modalidad online se debe <strong>garantizar la transmisi\u00f3n de conocimientos y el desarrollo<\/strong> de los contenidos previstos.<\/li>\n<\/ol>\n<p style=\"text-align: justify;\">\u00a0<\/p>\n<h3 style=\"text-align: justify;\">Medidas para Certificados de Profesionalidad<\/h3>\n<ol style=\"text-align: justify;\">\n<li>Se aplican las mismas medidas que para el resto.<\/li>\n<li>Se podr\u00e1n <strong>continuar las acciones formativas en modalidad de teleformaci\u00f3n<\/strong>, salvo las pruebas de evaluaci\u00f3n que se realizar\u00e1n con posterioridad y las tutor\u00edas presenciales.<\/li>\n<li>Se permitir\u00e1 el <strong>cambio de presencial a teleformaci\u00f3n cuando queden afectados m\u00f3dulos completos y la entidad est\u00e9 acreditada<\/strong> en el correspondiente registro. La impartici\u00f3n mediante aula virtual no ser\u00e1 aplicable a contenidos presenciales que requieran el uso de espacio, o instrumentos, para desarrollar destrezas pr\u00e1cticas.<\/li>\n<li>Al impartir el certificado de profesionalidad en modalidad de teleformaci\u00f3n, el centro o la empresa tendr\u00e1n que <strong>disponer de la conformidad<\/strong> de todas las personas participantes.<\/li>\n<\/ol>\n<p style=\"text-align: justify;\">\u00a0<\/p>\n<h2 style=\"text-align: justify;\">El aula virtual<\/h2>\n<p style=\"text-align: justify;\">Con el fin de impartir las acciones formativas en modalidad presencial o mixta, la parte presencial se podr\u00e1 impartir en su totalidad mediante \u201caula virtual\u201d <strong>consider\u00e1ndose en todo caso formaci\u00f3n presencial<\/strong>.<\/p>\n<p style=\"text-align: justify;\">Se considera \u201caula virtual\u201d al <strong>entorno de aprendizaje donde el formador y el alumnado puedan interactuar<\/strong>, de forma continua y en tiempo real a trav\u00e9s de un sistema de comunicaci\u00f3n telem\u00e1tico.<\/p>\n<p style=\"text-align: justify;\">Cuando la formaci\u00f3n presencial se desarrolle mediante aula virtual, \u00e9sta deber\u00e1 contar con un registro de conexiones generado por la aplicaci\u00f3n en el que se identifique, para cada acci\u00f3n formativa desarrollada a trav\u00e9s de este medio, las personas participantes en el aula, as\u00ed como sus fechas y tiempos de conexi\u00f3n. Se debe contar con un mecanismo que posibilite la conexi\u00f3n durante el tiempo de celebraci\u00f3n del aula por parte de los \u00f3rganos de control, a efectos de las actuaciones de seguimiento y control contempladas en el art\u00edculo 9. Cuando ello no sea posible, la participaci\u00f3n se podr\u00e1 constatar mediante declaraci\u00f3n responsable de la persona participante.<\/p>\n<h3 style=\"text-align: justify;\">C\u00f3mo adaptarse a la nueva situaci\u00f3n<\/h3>\n<p style=\"text-align: justify;\">La crisis sanitaria provocada por el Covid-19, traer\u00e1 consigo el cambio de paradigma en muchos \u00e1mbitos, en concreto, el sector educativo evolucionar\u00e1 hacia una <strong>transformaci\u00f3n digital<\/strong>. Por ello, es necesario contar con una plataforma digital que permita poder interactuar con el alumnado y llevar a cabo las acciones formativas previstas<\/p>\n<p style=\"text-align: justify;\">En Euroinnova Editorial contamos con la tecnolog\u00eda m\u00e1s moderna para garantizar un <a href=\"http:\/\/euroinnovaeditorial.es\/editorial\/14-personalizacion-materiales\">servicio personalizado<\/a> y de calidad, ofreciendo materiales did\u00e1cticos, contenidos personalizados y otros servicios que se adaptan a tus necesidades. No dude en pedirnos informaci\u00f3n.<\/p>\n<h3 style=\"text-align: justify;\">\u00a0<\/h3>\n\n\n<div class=\"kk-star-ratings kksr-auto kksr-align-left kksr-valign-bottom\"\n    data-payload='{&quot;align&quot;:&quot;left&quot;,&quot;id&quot;:&quot;700&quot;,&quot;slug&quot;:&quot;default&quot;,&quot;valign&quot;:&quot;bottom&quot;,&quot;ignore&quot;:&quot;&quot;,&quot;reference&quot;:&quot;auto&quot;,&quot;class&quot;:&quot;&quot;,&quot;count&quot;:&quot;0&quot;,&quot;legendonly&quot;:&quot;&quot;,&quot;readonly&quot;:&quot;&quot;,&quot;score&quot;:&quot;0&quot;,&quot;starsonly&quot;:&quot;&quot;,&quot;best&quot;:&quot;5&quot;,&quot;gap&quot;:&quot;5&quot;,&quot;greet&quot;:&quot;Rate this post&quot;,&quot;legend&quot;:&quot;0\\\/5 - (0 votes)&quot;,&quot;size&quot;:&quot;24&quot;,&quot;title&quot;:&quot;Medidas en Formaci\\u00f3n Profesional para el Empleo para hacer frente al Covid-19&quot;,&quot;width&quot;:&quot;0&quot;,&quot;_legend&quot;:&quot;{score}\\\/{best} - ({count} {votes})&quot;,&quot;font_factor&quot;:&quot;1.25&quot;}'>\n            \n<div class=\"kksr-stars\">\n    \n<div class=\"kksr-stars-inactive\">\n            <div class=\"kksr-star\" data-star=\"1\" style=\"padding-right: 5px\">\n            \n\n<div class=\"kksr-icon\" style=\"width: 24px; height: 24px;\"><\/div>\n        <\/div>\n            <div class=\"kksr-star\" data-star=\"2\" style=\"padding-right: 5px\">\n            \n\n<div class=\"kksr-icon\" style=\"width: 24px; height: 24px;\"><\/div>\n        <\/div>\n            <div class=\"kksr-star\" data-star=\"3\" style=\"padding-right: 5px\">\n            \n\n<div class=\"kksr-icon\" style=\"width: 24px; height: 24px;\"><\/div>\n        <\/div>\n            <div class=\"kksr-star\" data-star=\"4\" style=\"padding-right: 5px\">\n            \n\n<div class=\"kksr-icon\" style=\"width: 24px; height: 24px;\"><\/div>\n        <\/div>\n            <div class=\"kksr-star\" data-star=\"5\" style=\"padding-right: 5px\">\n            \n\n<div class=\"kksr-icon\" style=\"width: 24px; height: 24px;\"><\/div>\n        <\/div>\n    <\/div>\n    \n<div class=\"kksr-stars-active\" style=\"width: 0px;\">\n            <div class=\"kksr-star\" style=\"padding-right: 5px\">\n            \n\n<div class=\"kksr-icon\" style=\"width: 24px; height: 24px;\"><\/div>\n        <\/div>\n            <div class=\"kksr-star\" style=\"padding-right: 5px\">\n            \n\n<div class=\"kksr-icon\" style=\"width: 24px; height: 24px;\"><\/div>\n        <\/div>\n            <div class=\"kksr-star\" style=\"padding-right: 5px\">\n            \n\n<div class=\"kksr-icon\" style=\"width: 24px; height: 24px;\"><\/div>\n        <\/div>\n            <div class=\"kksr-star\" style=\"padding-right: 5px\">\n            \n\n<div class=\"kksr-icon\" style=\"width: 24px; height: 24px;\"><\/div>\n        <\/div>\n            <div class=\"kksr-star\" style=\"padding-right: 5px\">\n            \n\n<div class=\"kksr-icon\" style=\"width: 24px; height: 24px;\"><\/div>\n        <\/div>\n    <\/div>\n<\/div>\n                \n\n<div class=\"kksr-legend\" style=\"font-size: 19.2px;\">\n            <span class=\"kksr-muted\">Rate this post<\/span>\n    <\/div>\n    <\/div>\n","protected":false},"excerpt":{"rendered":"<p>Consulta las medidas extraordinarias adaptadas por el SEPE para la Formaci\u00f3n Profesional para el Empleo. \u00bfQu\u00e9 pasar\u00e1 con los certificados de profesionalidad presenciales? \u00a1Ent\u00e9rate aqu\u00ed!<\/p>\n","protected":false},"author":4,"featured_media":701,"comment_status":"open","ping_status":"open","sticky":false,"template":"","format":"standard","meta":[],"categories":[3],"tags":[],"yoast_head":"<!-- This site is optimized with the Yoast SEO plugin v20.8 - https:\/\/yoast.com\/wordpress\/plugins\/seo\/ -->\n<title>Consulta la resoluci\u00f3n del SEPE en Formaci\u00f3n Profesional para el Empleo<\/title>\n<meta name=\"description\" content=\"Consulta en este art\u00edculo las medidas extraordinarias adaptadas por el SEPE para hacer frente al COVID19 en la formaci\u00f3n profesional para el empleo.\" \/>\n<meta name=\"robots\" content=\"index, follow, max-snippet:-1, max-image-preview:large, max-video-preview:-1\" \/>\n<link rel=\"canonical\" href=\"https:\/\/euroinnovaeditorial.es\/blog\/novedades\/medidas-formacion-profesional-empleo-covid-resolucion-sepe\/\" \/>\n<meta property=\"og:locale\" content=\"es_ES\" \/>\n<meta property=\"og:type\" content=\"article\" \/>\n<meta property=\"og:title\" content=\"Consulta la resoluci\u00f3n del SEPE en Formaci\u00f3n Profesional para el Empleo\" \/>\n<meta property=\"og:description\" content=\"Consulta en este art\u00edculo las medidas extraordinarias adaptadas por el SEPE para hacer frente al COVID19 en la formaci\u00f3n profesional para el empleo.\" \/>\n<meta property=\"og:url\" content=\"https:\/\/euroinnovaeditorial.es\/blog\/novedades\/medidas-formacion-profesional-empleo-covid-resolucion-sepe\/\" \/>\n<meta property=\"og:site_name\" content=\"Blog Euroinnova Editorial\" \/>\n<meta property=\"article:published_time\" content=\"2020-04-23T14:56:30+00:00\" \/>\n<meta property=\"article:modified_time\" content=\"2020-08-05T11:29:02+00:00\" \/>\n<meta property=\"og:image\" content=\"https:\/\/euroinnovaeditorial.es\/blog\/wp-content\/uploads\/2020\/04\/resolucion-sepe-covid-formacion-para-empleo.jpg\" \/>\n\t<meta property=\"og:image:width\" content=\"500\" \/>\n\t<meta property=\"og:image:height\" content=\"333\" \/>\n\t<meta property=\"og:image:type\" content=\"image\/jpeg\" \/>\n<meta name=\"author\" content=\"Mar\u00eda L\u00f3pez D\u00edaz\" \/>\n<meta name=\"twitter:card\" content=\"summary_large_image\" \/>\n<meta name=\"twitter:label1\" content=\"Written by\" \/>\n\t<meta name=\"twitter:data1\" content=\"Mar\u00eda L\u00f3pez D\u00edaz\" \/>\n\t<meta name=\"twitter:label2\" content=\"Est. reading time\" \/>\n\t<meta name=\"twitter:data2\" content=\"4 minutos\" \/>\n<script type=\"application\/ld+json\" class=\"yoast-schema-graph\">{\"@context\":\"https:\/\/schema.org\",\"@graph\":[{\"@type\":\"WebPage\",\"@id\":\"https:\/\/euroinnovaeditorial.es\/blog\/novedades\/medidas-formacion-profesional-empleo-covid-resolucion-sepe\/\",\"url\":\"https:\/\/euroinnovaeditorial.es\/blog\/novedades\/medidas-formacion-profesional-empleo-covid-resolucion-sepe\/\",\"name\":\"Consulta la resoluci\u00f3n del SEPE en Formaci\u00f3n Profesional para el Empleo\",\"isPartOf\":{\"@id\":\"https:\/\/euroinnovaeditorial.es\/blog\/#website\"},\"datePublished\":\"2020-04-23T14:56:30+00:00\",\"dateModified\":\"2020-08-05T11:29:02+00:00\",\"author\":{\"@id\":\"https:\/\/euroinnovaeditorial.es\/blog\/#\/schema\/person\/734ef4cfc0e0e9bb065dace5332f9a7b\"},\"description\":\"Consulta en este art\u00edculo las medidas extraordinarias adaptadas por el SEPE para hacer frente al COVID19 en la formaci\u00f3n profesional para el empleo.\",\"breadcrumb\":{\"@id\":\"https:\/\/euroinnovaeditorial.es\/blog\/novedades\/medidas-formacion-profesional-empleo-covid-resolucion-sepe\/#breadcrumb\"},\"inLanguage\":\"es\",\"potentialAction\":[{\"@type\":\"ReadAction\",\"target\":[\"https:\/\/euroinnovaeditorial.es\/blog\/novedades\/medidas-formacion-profesional-empleo-covid-resolucion-sepe\/\"]}]},{\"@type\":\"BreadcrumbList\",\"@id\":\"https:\/\/euroinnovaeditorial.es\/blog\/novedades\/medidas-formacion-profesional-empleo-covid-resolucion-sepe\/#breadcrumb\",\"itemListElement\":[{\"@type\":\"ListItem\",\"position\":1,\"name\":\"Blog\",\"item\":\"https:\/\/euroinnovaeditorial.es\/blog\/\"},{\"@type\":\"ListItem\",\"position\":2,\"name\":\"Novedades\",\"item\":\"https:\/\/euroinnovaeditorial.es\/blog\/novedades\/\"},{\"@type\":\"ListItem\",\"position\":3,\"name\":\"Medidas en Formaci\u00f3n Profesional para el Empleo para hacer frente al Covid-19\"}]},{\"@type\":\"WebSite\",\"@id\":\"https:\/\/euroinnovaeditorial.es\/blog\/#website\",\"url\":\"https:\/\/euroinnovaeditorial.es\/blog\/\",\"name\":\"Blog Euroinnova Editorial\",\"description\":\"Blog de la web Euroinnova Editorial\",\"potentialAction\":[{\"@type\":\"SearchAction\",\"target\":{\"@type\":\"EntryPoint\",\"urlTemplate\":\"https:\/\/euroinnovaeditorial.es\/blog\/?s={search_term_string}\"},\"query-input\":\"required name=search_term_string\"}],\"inLanguage\":\"es\"},{\"@type\":\"Person\",\"@id\":\"https:\/\/euroinnovaeditorial.es\/blog\/#\/schema\/person\/734ef4cfc0e0e9bb065dace5332f9a7b\",\"name\":\"Mar\u00eda L\u00f3pez D\u00edaz\",\"image\":{\"@type\":\"ImageObject\",\"inLanguage\":\"es\",\"@id\":\"https:\/\/euroinnovaeditorial.es\/blog\/#\/schema\/person\/image\/\",\"url\":\"https:\/\/secure.gravatar.com\/avatar\/bbbaa7ea990c1bfc74bf58c658a683dd?s=96&d=mm&r=g\",\"contentUrl\":\"https:\/\/secure.gravatar.com\/avatar\/bbbaa7ea990c1bfc74bf58c658a683dd?s=96&d=mm&r=g\",\"caption\":\"Mar\u00eda L\u00f3pez D\u00edaz\"},\"description\":\"Licenciada en Derecho en la Universidad de Granada. Abogada. Cuenta con 10 a\u00f1os de experiencia en la gesti\u00f3n y administraci\u00f3n p\u00fablica.\"}]}<\/script>\n<!-- \/ Yoast SEO plugin. -->","yoast_head_json":{"title":"Consulta la resoluci\u00f3n del SEPE en Formaci\u00f3n Profesional para el Empleo","description":"Consulta en este art\u00edculo las medidas extraordinarias adaptadas por el SEPE para hacer frente al COVID19 en la formaci\u00f3n profesional para el empleo.","robots":{"index":"index","follow":"follow","max-snippet":"max-snippet:-1","max-image-preview":"max-image-preview:large","max-video-preview":"max-video-preview:-1"},"canonical":"https:\/\/euroinnovaeditorial.es\/blog\/novedades\/medidas-formacion-profesional-empleo-covid-resolucion-sepe\/","og_locale":"es_ES","og_type":"article","og_title":"Consulta la resoluci\u00f3n del SEPE en Formaci\u00f3n Profesional para el Empleo","og_description":"Consulta en este art\u00edculo las medidas extraordinarias adaptadas por el SEPE para hacer frente al COVID19 en la formaci\u00f3n profesional para el empleo.","og_url":"https:\/\/euroinnovaeditorial.es\/blog\/novedades\/medidas-formacion-profesional-empleo-covid-resolucion-sepe\/","og_site_name":"Blog Euroinnova Editorial","article_published_time":"2020-04-23T14:56:30+00:00","article_modified_time":"2020-08-05T11:29:02+00:00","og_image":[{"width":500,"height":333,"url":"https:\/\/euroinnovaeditorial.es\/blog\/wp-content\/uploads\/2020\/04\/resolucion-sepe-covid-formacion-para-empleo.jpg","type":"image\/jpeg"}],"author":"Mar\u00eda L\u00f3pez D\u00edaz","twitter_card":"summary_large_image","twitter_misc":{"Written by":"Mar\u00eda L\u00f3pez D\u00edaz","Est. reading time":"4 minutos"},"schema":{"@context":"https:\/\/schema.org","@graph":[{"@type":"WebPage","@id":"https:\/\/euroinnovaeditorial.es\/blog\/novedades\/medidas-formacion-profesional-empleo-covid-resolucion-sepe\/","url":"https:\/\/euroinnovaeditorial.es\/blog\/novedades\/medidas-formacion-profesional-empleo-covid-resolucion-sepe\/","name":"Consulta la resoluci\u00f3n del SEPE en Formaci\u00f3n Profesional para el Empleo","isPartOf":{"@id":"https:\/\/euroinnovaeditorial.es\/blog\/#website"},"datePublished":"2020-04-23T14:56:30+00:00","dateModified":"2020-08-05T11:29:02+00:00","author":{"@id":"https:\/\/euroinnovaeditorial.es\/blog\/#\/schema\/person\/734ef4cfc0e0e9bb065dace5332f9a7b"},"description":"Consulta en este art\u00edculo las medidas extraordinarias adaptadas por el SEPE para hacer frente al COVID19 en la formaci\u00f3n profesional para el empleo.","breadcrumb":{"@id":"https:\/\/euroinnovaeditorial.es\/blog\/novedades\/medidas-formacion-profesional-empleo-covid-resolucion-sepe\/#breadcrumb"},"inLanguage":"es","potentialAction":[{"@type":"ReadAction","target":["https:\/\/euroinnovaeditorial.es\/blog\/novedades\/medidas-formacion-profesional-empleo-covid-resolucion-sepe\/"]}]},{"@type":"BreadcrumbList","@id":"https:\/\/euroinnovaeditorial.es\/blog\/novedades\/medidas-formacion-profesional-empleo-covid-resolucion-sepe\/#breadcrumb","itemListElement":[{"@type":"ListItem","position":1,"name":"Blog","item":"https:\/\/euroinnovaeditorial.es\/blog\/"},{"@type":"ListItem","position":2,"name":"Novedades","item":"https:\/\/euroinnovaeditorial.es\/blog\/novedades\/"},{"@type":"ListItem","position":3,"name":"Medidas en Formaci\u00f3n Profesional para el Empleo para hacer frente al Covid-19"}]},{"@type":"WebSite","@id":"https:\/\/euroinnovaeditorial.es\/blog\/#website","url":"https:\/\/euroinnovaeditorial.es\/blog\/","name":"Blog Euroinnova Editorial","description":"Blog de la web Euroinnova Editorial","potentialAction":[{"@type":"SearchAction","target":{"@type":"EntryPoint","urlTemplate":"https:\/\/euroinnovaeditorial.es\/blog\/?s={search_term_string}"},"query-input":"required name=search_term_string"}],"inLanguage":"es"},{"@type":"Person","@id":"https:\/\/euroinnovaeditorial.es\/blog\/#\/schema\/person\/734ef4cfc0e0e9bb065dace5332f9a7b","name":"Mar\u00eda L\u00f3pez D\u00edaz","image":{"@type":"ImageObject","inLanguage":"es","@id":"https:\/\/euroinnovaeditorial.es\/blog\/#\/schema\/person\/image\/","url":"https:\/\/secure.gravatar.com\/avatar\/bbbaa7ea990c1bfc74bf58c658a683dd?s=96&d=mm&r=g","contentUrl":"https:\/\/secure.gravatar.com\/avatar\/bbbaa7ea990c1bfc74bf58c658a683dd?s=96&d=mm&r=g","caption":"Mar\u00eda L\u00f3pez D\u00edaz"},"description":"Licenciada en Derecho en la Universidad de Granada. Abogada. Cuenta con 10 a\u00f1os de experiencia en la gesti\u00f3n y administraci\u00f3n p\u00fablica."}]}},"_links":{"self":[{"href":"https:\/\/euroinnovaeditorial.es\/blog\/wp-json\/wp\/v2\/posts\/700"}],"collection":[{"href":"https:\/\/euroinnovaeditorial.es\/blog\/wp-json\/wp\/v2\/posts"}],"about":[{"href":"https:\/\/euroinnovaeditorial.es\/blog\/wp-json\/wp\/v2\/types\/post"}],"author":[{"embeddable":true,"href":"https:\/\/euroinnovaeditorial.es\/blog\/wp-json\/wp\/v2\/users\/4"}],"replies":[{"embeddable":true,"href":"https:\/\/euroinnovaeditorial.es\/blog\/wp-json\/wp\/v2\/comments?post=700"}],"version-history":[{"count":2,"href":"https:\/\/euroinnovaeditorial.es\/blog\/wp-json\/wp\/v2\/posts\/700\/revisions"}],"predecessor-version":[{"id":771,"href":"https:\/\/euroinnovaeditorial.es\/blog\/wp-json\/wp\/v2\/posts\/700\/revisions\/771"}],"wp:featuredmedia":[{"embeddable":true,"href":"https:\/\/euroinnovaeditorial.es\/blog\/wp-json\/wp\/v2\/media\/701"}],"wp:attachment":[{"href":"https:\/\/euroinnovaeditorial.es\/blog\/wp-json\/wp\/v2\/media?parent=700"}],"wp:term":[{"taxonomy":"category","embeddable":true,"href":"https:\/\/euroinnovaeditorial.es\/blog\/wp-json\/wp\/v2\/categories?post=700"},{"taxonomy":"post_tag","embeddable":true,"href":"https:\/\/euroinnovaeditorial.es\/blog\/wp-json\/wp\/v2\/tags?post=700"}],"curies":[{"name":"wp","href":"https:\/\/api.w.org\/{rel}","templated":true}]}}