{"id":401,"date":"2019-05-29T16:39:04","date_gmt":"2019-05-29T14:39:04","guid":{"rendered":"https:\/\/euroinnovaeditorial.es\/blog\/?p=401"},"modified":"2019-05-29T16:39:04","modified_gmt":"2019-05-29T14:39:04","slug":"que-es-la-formacion-profesional-para-el-empleo-y-cuales-son-sus-funciones","status":"publish","type":"post","link":"https:\/\/euroinnovaeditorial.es\/blog\/contenidos-didacticos\/que-es-la-formacion-profesional-para-el-empleo-y-cuales-son-sus-funciones\/","title":{"rendered":"\u00bfQu\u00e9 es la formaci\u00f3n profesional para el empleo y cu\u00e1les son sus funciones?"},"content":{"rendered":"<p>En el art\u00edculo de hoy vamos a explicar <strong>qu\u00e9 es la formaci\u00f3n profesional para el empleo y qu\u00e9 funciones desarrolla<\/strong> dicho sistema en Espa\u00f1a.\u00a0<\/p>\n<p>Para empezar, es importante saber que el Sistema de Formaci\u00f3n para el Empleo est\u00e1 formado por dos sistemas y que cada uno cumple con un objetivo distinto. Los tipos son los siguientes:<\/p>\n<ul>\n<li>El Sistema de Formaci\u00f3n Profesional Inicial o Reglada.<\/li>\n<li>El Sistema de Formaci\u00f3n para el Empleo.<\/li>\n<\/ul>\n<p>\u00bfQuieres saber de qu\u00e9 trata cada sistema? \u00a1\u00a1Contin\u00faa leyendo este art\u00edculo!!<\/p>\n<p>&nbsp;<\/p>\n<h2>El Sistema de Formaci\u00f3n Profesional Inicial o Reglada<\/h2>\n<p>El Sistema de Formaci\u00f3n Profesional Inicial o Reglada es competencia del <strong>Ministerio de Educaci\u00f3n y Formaci\u00f3n Profesional y de las Comunidades Aut\u00f3nomas<\/strong>.<\/p>\n<p>En este sistema se encuentra\u00a0 la formaci\u00f3n profesional impartida durante la Educaci\u00f3n Obligatoria Secundaria y Bachillerato, la formaci\u00f3n profesional espec\u00edfica cursada a trav\u00e9s de los ciclos formativos de grado superior y medio; y adem\u00e1s, los programa de cualificaci\u00f3n profesional de nivel 1 (para aquellos que no tienen la ESO).<\/p>\n<p>Estos cursos van fundamentalmente dirigidos a j\u00f3venes y se pueden distinguir tres tipos de formaci\u00f3n seg\u00fan el nivel de estudios con el que se cuente:<\/p>\n<ol>\n<li>Una persona que no posee el t\u00edtulo de la Educaci\u00f3n Secundaria Obligatoria, puede acceder a los programas de cualificaci\u00f3n inicial de nivel 1.<\/li>\n<li>Si el estudiante posee el t\u00edtulo de la Educaci\u00f3n Secundaria Obligatoria, puede acceder la formaci\u00f3n de grado medio.<\/li>\n<li>Si la persona tiene el t\u00edtulo de Bachillerato, puede realizar la formaci\u00f3n de grado superior.<\/li>\n<\/ol>\n<p>Tambi\u00e9n pueden ir dirigido a parte de la poblaci\u00f3n adulta, por ello naci\u00f3 la Formaci\u00f3n Profesional a distancia.<\/p>\n<p>&nbsp;<\/p>\n<h2>El Sistema de Formaci\u00f3n Profesional para el Empleo<\/h2>\n<p>En cuanto al Sistema de Formaci\u00f3n Profesional para el Empleo, aunque hemos comentado sus funciones en otros art\u00edculos de este blog, vamos a profundizar un poco m\u00e1s en el tema.<\/p>\n<p>Este sistema depende del <strong>Ministerio de Trabajo, Migraciones y Seguridad Social y de las Comunidades Aut\u00f3nomas<\/strong>. Tiene como objetivo principal <strong>formar y capacitar a la poblaci\u00f3n para trabajar<\/strong>, adem\u00e1s de actualizar sus competencias para ir adapt\u00e1ndose a los cambios del mercado.<\/p>\n<p>De manera m\u00e1s concreta, podemos distinguir tres tipos de objetivos. Cada uno corresponde a los tres agentes del mercado laboral existentes.<\/p>\n<ul>\n<li><strong>Trabajador.<\/strong> El sistema trata mejorar las competencias y habilidades profesionales de los trabajadores a trav\u00e9s de la formaci\u00f3n, lo que aumenta la empleabilidad del trabajador.<\/li>\n<li><strong>Empresa.<\/strong>\u00a0 Gracias a la continua formaci\u00f3n de sus empleados, las empresas aumentan su competitividad y productividad.<\/li>\n<li><strong>Mercado de Trabajo<\/strong>. Con la formaci\u00f3n para el empleo se busca responder a las necesidades del mercado de trabajo.<\/li>\n<\/ul>\n<h3>\u00bfQu\u00e9 tipo de formaci\u00f3n se ofrece en el sistema de formaci\u00f3n profesional para el empleo?<\/h3>\n<p>El Sistema de formaci\u00f3n profesional para el empleo ofrece principalmente tres tipos de iniciativas de formaci\u00f3n:<\/p>\n<ul style=\"list-style-type: circle;\">\n<li><strong>La <a href=\"https:\/\/www.fundae.es\/Empresas%20y%20organizaciones\/Pages\/Como-Bonificarte.aspx\" target=\"_blank\" rel=\"nofollow noopener noreferrer\">Formaci\u00f3n Programada<\/a><\/strong>. Las empresas cuentan con ayudas econ\u00f3micas a trav\u00e9s de bonificaciones en las cotizaciones a la Seguridad Social, con las cuales pueden seleccionar la formaci\u00f3n que necesitan sus empleados.<\/li>\n<li><strong>Oferta formativa para trabajadores ocupados<\/strong>. Son cursos gratuitos dirigidos a trabajadores ocupados, de manera m\u00e1s espec\u00edfica, se tratan de especialidades formativas no vinculadas a los <a href=\"https:\/\/euroinnovaeditorial.es\/blog\/certificados-de-profesionalidad\/que-es-un-certificado-de-profesionalidad\/\">certificados de profesionalidad<\/a> o de <a href=\"https:\/\/euroinnovaeditorial.es\/blog\/especialidades-formativas\/que-es-una-especialidad-formativa\/\">especialidades formativas<\/a> vinculadas a los certificados de profesionalidad.<\/li>\n<li><strong>Oferta formativa para trabajadores desempleados<\/strong>. Al igual que el anterior, se pueden tratar de especialidades formativas no vinculadas o de certificados de profesionalidad.<\/li>\n<\/ul>\n<p>&nbsp;<\/p>\n<h3>\u00bfC\u00f3mo se financia el sistema de formaci\u00f3n profesional para el empleo?<\/h3>\n<p>Como hemos comentado anteriormente, se realiza a trav\u00e9s de las cotizaciones a la Seguridad Social. La cuota de formaci\u00f3n profesional debe ser abonada todos los meses y se paga entre los trabajadores y las empresas. Dicha cuota es un <strong>0,7% sobre la base de cotizaci\u00f3n por contingencias<\/strong>. Un 0,1% es aportado por el trabajador y el 0,6 por la empresa.<\/p>\n<p>Tambi\u00e9n se le suma los recursos del Fondo Social Europeo y de los presupuestos del servicio p\u00fablico de empleo estatal. As\u00ed, cada a\u00f1o, todas las empresas tiene el derecho de recibir un cr\u00e9dito para usarlo en la formaci\u00f3n de sus empleados.<\/p>\n<p>&nbsp;<\/p>\n<h2>Invertir en formaci\u00f3n es invertir en calidad<\/h2>\n<p>Est\u00e1 m\u00e1s que demostrado que las empresas que forman a sus trabajadores obtienen unos resultados m\u00e1s satisfactorios. No s\u00f3lo afecta positivamente a la econom\u00eda de las organizaciones, sino tambi\u00e9n a los propios trabajadores ya que estar\u00e1n motivados para aprender y enfrentarse a nuevos retos cada d\u00eda, y no caer en la apat\u00eda de la rutina.<\/p>\n<p>En Euroinnova Editorial ofrecemos manuales did\u00e1cticos para formar a los trabajadores, ya sean en formato f\u00edsico como en formato SCORM. Para cualquier duda o consulta, no dude en ponerse en contacto con nosotros a trav\u00e9s del n\u00famero de tel\u00e9fono 958 050 222 o escribiendo un mail al correo electr\u00f3nico pedidos@euroinnovaeditorial.es<\/p>\n<p>&nbsp;<\/p>\n\n\n<div class=\"kk-star-ratings kksr-auto kksr-align-left kksr-valign-bottom\"\n    data-payload='{&quot;align&quot;:&quot;left&quot;,&quot;id&quot;:&quot;401&quot;,&quot;slug&quot;:&quot;default&quot;,&quot;valign&quot;:&quot;bottom&quot;,&quot;ignore&quot;:&quot;&quot;,&quot;reference&quot;:&quot;auto&quot;,&quot;class&quot;:&quot;&quot;,&quot;count&quot;:&quot;1&quot;,&quot;legendonly&quot;:&quot;&quot;,&quot;readonly&quot;:&quot;&quot;,&quot;score&quot;:&quot;5&quot;,&quot;starsonly&quot;:&quot;&quot;,&quot;best&quot;:&quot;5&quot;,&quot;gap&quot;:&quot;5&quot;,&quot;greet&quot;:&quot;Rate this post&quot;,&quot;legend&quot;:&quot;5\\\/5 - (1 vote)&quot;,&quot;size&quot;:&quot;24&quot;,&quot;title&quot;:&quot;\\u00bfQu\\u00e9 es la formaci\\u00f3n profesional para el empleo y cu\\u00e1les son sus funciones?&quot;,&quot;width&quot;:&quot;142.5&quot;,&quot;_legend&quot;:&quot;{score}\\\/{best} - ({count} {votes})&quot;,&quot;font_factor&quot;:&quot;1.25&quot;}'>\n            \n<div class=\"kksr-stars\">\n    \n<div class=\"kksr-stars-inactive\">\n            <div class=\"kksr-star\" data-star=\"1\" style=\"padding-right: 5px\">\n            \n\n<div class=\"kksr-icon\" style=\"width: 24px; height: 24px;\"><\/div>\n        <\/div>\n            <div class=\"kksr-star\" data-star=\"2\" style=\"padding-right: 5px\">\n            \n\n<div class=\"kksr-icon\" style=\"width: 24px; height: 24px;\"><\/div>\n        <\/div>\n            <div class=\"kksr-star\" data-star=\"3\" style=\"padding-right: 5px\">\n            \n\n<div class=\"kksr-icon\" style=\"width: 24px; height: 24px;\"><\/div>\n        <\/div>\n            <div class=\"kksr-star\" data-star=\"4\" style=\"padding-right: 5px\">\n            \n\n<div class=\"kksr-icon\" style=\"width: 24px; height: 24px;\"><\/div>\n        <\/div>\n            <div class=\"kksr-star\" data-star=\"5\" style=\"padding-right: 5px\">\n            \n\n<div class=\"kksr-icon\" style=\"width: 24px; height: 24px;\"><\/div>\n        <\/div>\n    <\/div>\n    \n<div class=\"kksr-stars-active\" style=\"width: 142.5px;\">\n            <div class=\"kksr-star\" style=\"padding-right: 5px\">\n            \n\n<div class=\"kksr-icon\" style=\"width: 24px; height: 24px;\"><\/div>\n        <\/div>\n            <div class=\"kksr-star\" style=\"padding-right: 5px\">\n            \n\n<div class=\"kksr-icon\" style=\"width: 24px; height: 24px;\"><\/div>\n        <\/div>\n            <div class=\"kksr-star\" style=\"padding-right: 5px\">\n            \n\n<div class=\"kksr-icon\" style=\"width: 24px; height: 24px;\"><\/div>\n        <\/div>\n            <div class=\"kksr-star\" style=\"padding-right: 5px\">\n            \n\n<div class=\"kksr-icon\" style=\"width: 24px; height: 24px;\"><\/div>\n        <\/div>\n            <div class=\"kksr-star\" style=\"padding-right: 5px\">\n            \n\n<div class=\"kksr-icon\" style=\"width: 24px; height: 24px;\"><\/div>\n        <\/div>\n    <\/div>\n<\/div>\n                \n\n<div class=\"kksr-legend\" style=\"font-size: 19.2px;\">\n            5\/5 - (1 vote)    <\/div>\n    <\/div>\n","protected":false},"excerpt":{"rendered":"<p>La formaci\u00f3n profesional para el empleo est\u00e1 muy presente a d\u00eda de hoy en muchas empresas. \u00bfQuieres saber qu\u00e9 es y qu\u00e9 funciones lleva a cabo dicho sistema? Desc\u00fabrelo en este art\u00edculo.<\/p>\n","protected":false},"author":5,"featured_media":405,"comment_status":"open","ping_status":"open","sticky":false,"template":"","format":"standard","meta":[],"categories":[6],"tags":[],"yoast_head":"<!-- This site is optimized with the Yoast SEO plugin v20.8 - https:\/\/yoast.com\/wordpress\/plugins\/seo\/ -->\n<title>: \u00bfQu\u00e9 es la formaci\u00f3n profesional para el empleo? \u00bfPara qu\u00e9 sirve?<\/title>\n<meta name=\"description\" content=\"\u00bfQu\u00e9 es el sistema de formaci\u00f3n profesional para el empleo? \u00bfQu\u00e9 funciones tiene? Desc\u00fabrelo en el Blog de Euroinnova Editorial.\" \/>\n<meta name=\"robots\" content=\"index, follow, max-snippet:-1, max-image-preview:large, max-video-preview:-1\" \/>\n<link rel=\"canonical\" href=\"https:\/\/euroinnovaeditorial.es\/blog\/contenidos-didacticos\/que-es-la-formacion-profesional-para-el-empleo-y-cuales-son-sus-funciones\/\" \/>\n<meta property=\"og:locale\" content=\"es_ES\" \/>\n<meta property=\"og:type\" content=\"article\" \/>\n<meta property=\"og:title\" content=\": \u00bfQu\u00e9 es la formaci\u00f3n profesional para el empleo? \u00bfPara qu\u00e9 sirve?\" \/>\n<meta property=\"og:description\" content=\"\u00bfQu\u00e9 es el sistema de formaci\u00f3n profesional para el empleo? \u00bfQu\u00e9 funciones tiene? Desc\u00fabrelo en el Blog de Euroinnova Editorial.\" \/>\n<meta property=\"og:url\" content=\"https:\/\/euroinnovaeditorial.es\/blog\/contenidos-didacticos\/que-es-la-formacion-profesional-para-el-empleo-y-cuales-son-sus-funciones\/\" \/>\n<meta property=\"og:site_name\" content=\"Blog Euroinnova Editorial\" \/>\n<meta property=\"article:published_time\" content=\"2019-05-29T14:39:04+00:00\" \/>\n<meta property=\"og:image\" content=\"https:\/\/euroinnovaeditorial.es\/blog\/wp-content\/uploads\/2019\/05\/russia-95311_1920.jpg\" \/>\n\t<meta property=\"og:image:width\" content=\"1920\" \/>\n\t<meta property=\"og:image:height\" content=\"1280\" \/>\n\t<meta property=\"og:image:type\" content=\"image\/jpeg\" \/>\n<meta name=\"author\" content=\"Antonio Jos\u00e9 Ram\u00edrez Soria\" \/>\n<meta name=\"twitter:card\" content=\"summary_large_image\" \/>\n<meta name=\"twitter:label1\" content=\"Written by\" \/>\n\t<meta name=\"twitter:data1\" content=\"Antonio Jos\u00e9 Ram\u00edrez Soria\" \/>\n\t<meta name=\"twitter:label2\" content=\"Est. reading time\" \/>\n\t<meta name=\"twitter:data2\" content=\"4 minutos\" \/>\n<script type=\"application\/ld+json\" class=\"yoast-schema-graph\">{\"@context\":\"https:\/\/schema.org\",\"@graph\":[{\"@type\":\"WebPage\",\"@id\":\"https:\/\/euroinnovaeditorial.es\/blog\/contenidos-didacticos\/que-es-la-formacion-profesional-para-el-empleo-y-cuales-son-sus-funciones\/\",\"url\":\"https:\/\/euroinnovaeditorial.es\/blog\/contenidos-didacticos\/que-es-la-formacion-profesional-para-el-empleo-y-cuales-son-sus-funciones\/\",\"name\":\": \u00bfQu\u00e9 es la formaci\u00f3n profesional para el empleo? \u00bfPara qu\u00e9 sirve?\",\"isPartOf\":{\"@id\":\"https:\/\/euroinnovaeditorial.es\/blog\/#website\"},\"datePublished\":\"2019-05-29T14:39:04+00:00\",\"dateModified\":\"2019-05-29T14:39:04+00:00\",\"author\":{\"@id\":\"https:\/\/euroinnovaeditorial.es\/blog\/#\/schema\/person\/a5309441fa8b0a835aef4a2ebe64ef4b\"},\"description\":\"\u00bfQu\u00e9 es el sistema de formaci\u00f3n profesional para el empleo? \u00bfQu\u00e9 funciones tiene? Desc\u00fabrelo en el Blog de Euroinnova Editorial.\",\"breadcrumb\":{\"@id\":\"https:\/\/euroinnovaeditorial.es\/blog\/contenidos-didacticos\/que-es-la-formacion-profesional-para-el-empleo-y-cuales-son-sus-funciones\/#breadcrumb\"},\"inLanguage\":\"es\",\"potentialAction\":[{\"@type\":\"ReadAction\",\"target\":[\"https:\/\/euroinnovaeditorial.es\/blog\/contenidos-didacticos\/que-es-la-formacion-profesional-para-el-empleo-y-cuales-son-sus-funciones\/\"]}]},{\"@type\":\"BreadcrumbList\",\"@id\":\"https:\/\/euroinnovaeditorial.es\/blog\/contenidos-didacticos\/que-es-la-formacion-profesional-para-el-empleo-y-cuales-son-sus-funciones\/#breadcrumb\",\"itemListElement\":[{\"@type\":\"ListItem\",\"position\":1,\"name\":\"Blog\",\"item\":\"https:\/\/euroinnovaeditorial.es\/blog\/\"},{\"@type\":\"ListItem\",\"position\":2,\"name\":\"Contenidos did\u00e1cticos\",\"item\":\"https:\/\/euroinnovaeditorial.es\/blog\/contenidos-didacticos\/\"},{\"@type\":\"ListItem\",\"position\":3,\"name\":\"\u00bfQu\u00e9 es la formaci\u00f3n profesional para el empleo y cu\u00e1les son sus funciones?\"}]},{\"@type\":\"WebSite\",\"@id\":\"https:\/\/euroinnovaeditorial.es\/blog\/#website\",\"url\":\"https:\/\/euroinnovaeditorial.es\/blog\/\",\"name\":\"Blog Euroinnova Editorial\",\"description\":\"Blog de la web Euroinnova Editorial\",\"potentialAction\":[{\"@type\":\"SearchAction\",\"target\":{\"@type\":\"EntryPoint\",\"urlTemplate\":\"https:\/\/euroinnovaeditorial.es\/blog\/?s={search_term_string}\"},\"query-input\":\"required name=search_term_string\"}],\"inLanguage\":\"es\"},{\"@type\":\"Person\",\"@id\":\"https:\/\/euroinnovaeditorial.es\/blog\/#\/schema\/person\/a5309441fa8b0a835aef4a2ebe64ef4b\",\"name\":\"Antonio Jos\u00e9 Ram\u00edrez Soria\",\"image\":{\"@type\":\"ImageObject\",\"inLanguage\":\"es\",\"@id\":\"https:\/\/euroinnovaeditorial.es\/blog\/#\/schema\/person\/image\/\",\"url\":\"https:\/\/secure.gravatar.com\/avatar\/9800b1eb335e4b595954568a0da463da?s=96&d=mm&r=g\",\"contentUrl\":\"https:\/\/secure.gravatar.com\/avatar\/9800b1eb335e4b595954568a0da463da?s=96&d=mm&r=g\",\"caption\":\"Antonio Jos\u00e9 Ram\u00edrez Soria\"},\"description\":\"Licenciado en Pedagog\u00eda en la Universidad de Sevilla. Especialista en e-learning. Cuenta con una amplia experiencia en centros de formaci\u00f3n.\"}]}<\/script>\n<!-- \/ Yoast SEO plugin. -->","yoast_head_json":{"title":": \u00bfQu\u00e9 es la formaci\u00f3n profesional para el empleo? \u00bfPara qu\u00e9 sirve?","description":"\u00bfQu\u00e9 es el sistema de formaci\u00f3n profesional para el empleo? \u00bfQu\u00e9 funciones tiene? Desc\u00fabrelo en el Blog de Euroinnova Editorial.","robots":{"index":"index","follow":"follow","max-snippet":"max-snippet:-1","max-image-preview":"max-image-preview:large","max-video-preview":"max-video-preview:-1"},"canonical":"https:\/\/euroinnovaeditorial.es\/blog\/contenidos-didacticos\/que-es-la-formacion-profesional-para-el-empleo-y-cuales-son-sus-funciones\/","og_locale":"es_ES","og_type":"article","og_title":": \u00bfQu\u00e9 es la formaci\u00f3n profesional para el empleo? \u00bfPara qu\u00e9 sirve?","og_description":"\u00bfQu\u00e9 es el sistema de formaci\u00f3n profesional para el empleo? \u00bfQu\u00e9 funciones tiene? Desc\u00fabrelo en el Blog de Euroinnova Editorial.","og_url":"https:\/\/euroinnovaeditorial.es\/blog\/contenidos-didacticos\/que-es-la-formacion-profesional-para-el-empleo-y-cuales-son-sus-funciones\/","og_site_name":"Blog Euroinnova Editorial","article_published_time":"2019-05-29T14:39:04+00:00","og_image":[{"width":1920,"height":1280,"url":"https:\/\/euroinnovaeditorial.es\/blog\/wp-content\/uploads\/2019\/05\/russia-95311_1920.jpg","type":"image\/jpeg"}],"author":"Antonio Jos\u00e9 Ram\u00edrez Soria","twitter_card":"summary_large_image","twitter_misc":{"Written by":"Antonio Jos\u00e9 Ram\u00edrez Soria","Est. reading time":"4 minutos"},"schema":{"@context":"https:\/\/schema.org","@graph":[{"@type":"WebPage","@id":"https:\/\/euroinnovaeditorial.es\/blog\/contenidos-didacticos\/que-es-la-formacion-profesional-para-el-empleo-y-cuales-son-sus-funciones\/","url":"https:\/\/euroinnovaeditorial.es\/blog\/contenidos-didacticos\/que-es-la-formacion-profesional-para-el-empleo-y-cuales-son-sus-funciones\/","name":": \u00bfQu\u00e9 es la formaci\u00f3n profesional para el empleo? \u00bfPara qu\u00e9 sirve?","isPartOf":{"@id":"https:\/\/euroinnovaeditorial.es\/blog\/#website"},"datePublished":"2019-05-29T14:39:04+00:00","dateModified":"2019-05-29T14:39:04+00:00","author":{"@id":"https:\/\/euroinnovaeditorial.es\/blog\/#\/schema\/person\/a5309441fa8b0a835aef4a2ebe64ef4b"},"description":"\u00bfQu\u00e9 es el sistema de formaci\u00f3n profesional para el empleo? \u00bfQu\u00e9 funciones tiene? Desc\u00fabrelo en el Blog de Euroinnova Editorial.","breadcrumb":{"@id":"https:\/\/euroinnovaeditorial.es\/blog\/contenidos-didacticos\/que-es-la-formacion-profesional-para-el-empleo-y-cuales-son-sus-funciones\/#breadcrumb"},"inLanguage":"es","potentialAction":[{"@type":"ReadAction","target":["https:\/\/euroinnovaeditorial.es\/blog\/contenidos-didacticos\/que-es-la-formacion-profesional-para-el-empleo-y-cuales-son-sus-funciones\/"]}]},{"@type":"BreadcrumbList","@id":"https:\/\/euroinnovaeditorial.es\/blog\/contenidos-didacticos\/que-es-la-formacion-profesional-para-el-empleo-y-cuales-son-sus-funciones\/#breadcrumb","itemListElement":[{"@type":"ListItem","position":1,"name":"Blog","item":"https:\/\/euroinnovaeditorial.es\/blog\/"},{"@type":"ListItem","position":2,"name":"Contenidos did\u00e1cticos","item":"https:\/\/euroinnovaeditorial.es\/blog\/contenidos-didacticos\/"},{"@type":"ListItem","position":3,"name":"\u00bfQu\u00e9 es la formaci\u00f3n profesional para el empleo y cu\u00e1les son sus funciones?"}]},{"@type":"WebSite","@id":"https:\/\/euroinnovaeditorial.es\/blog\/#website","url":"https:\/\/euroinnovaeditorial.es\/blog\/","name":"Blog Euroinnova Editorial","description":"Blog de la web Euroinnova Editorial","potentialAction":[{"@type":"SearchAction","target":{"@type":"EntryPoint","urlTemplate":"https:\/\/euroinnovaeditorial.es\/blog\/?s={search_term_string}"},"query-input":"required name=search_term_string"}],"inLanguage":"es"},{"@type":"Person","@id":"https:\/\/euroinnovaeditorial.es\/blog\/#\/schema\/person\/a5309441fa8b0a835aef4a2ebe64ef4b","name":"Antonio Jos\u00e9 Ram\u00edrez Soria","image":{"@type":"ImageObject","inLanguage":"es","@id":"https:\/\/euroinnovaeditorial.es\/blog\/#\/schema\/person\/image\/","url":"https:\/\/secure.gravatar.com\/avatar\/9800b1eb335e4b595954568a0da463da?s=96&d=mm&r=g","contentUrl":"https:\/\/secure.gravatar.com\/avatar\/9800b1eb335e4b595954568a0da463da?s=96&d=mm&r=g","caption":"Antonio Jos\u00e9 Ram\u00edrez Soria"},"description":"Licenciado en Pedagog\u00eda en la Universidad de Sevilla. Especialista en e-learning. Cuenta con una amplia experiencia en centros de formaci\u00f3n."}]}},"_links":{"self":[{"href":"https:\/\/euroinnovaeditorial.es\/blog\/wp-json\/wp\/v2\/posts\/401"}],"collection":[{"href":"https:\/\/euroinnovaeditorial.es\/blog\/wp-json\/wp\/v2\/posts"}],"about":[{"href":"https:\/\/euroinnovaeditorial.es\/blog\/wp-json\/wp\/v2\/types\/post"}],"author":[{"embeddable":true,"href":"https:\/\/euroinnovaeditorial.es\/blog\/wp-json\/wp\/v2\/users\/5"}],"replies":[{"embeddable":true,"href":"https:\/\/euroinnovaeditorial.es\/blog\/wp-json\/wp\/v2\/comments?post=401"}],"version-history":[{"count":4,"href":"https:\/\/euroinnovaeditorial.es\/blog\/wp-json\/wp\/v2\/posts\/401\/revisions"}],"predecessor-version":[{"id":403,"href":"https:\/\/euroinnovaeditorial.es\/blog\/wp-json\/wp\/v2\/posts\/401\/revisions\/403"}],"wp:featuredmedia":[{"embeddable":true,"href":"https:\/\/euroinnovaeditorial.es\/blog\/wp-json\/wp\/v2\/media\/405"}],"wp:attachment":[{"href":"https:\/\/euroinnovaeditorial.es\/blog\/wp-json\/wp\/v2\/media?parent=401"}],"wp:term":[{"taxonomy":"category","embeddable":true,"href":"https:\/\/euroinnovaeditorial.es\/blog\/wp-json\/wp\/v2\/categories?post=401"},{"taxonomy":"post_tag","embeddable":true,"href":"https:\/\/euroinnovaeditorial.es\/blog\/wp-json\/wp\/v2\/tags?post=401"}],"curies":[{"name":"wp","href":"https:\/\/api.w.org\/{rel}","templated":true}]}}