{"id":360,"date":"2019-04-17T17:01:59","date_gmt":"2019-04-17T15:01:59","guid":{"rendered":"https:\/\/euroinnovaeditorial.es\/blog\/?p=360"},"modified":"2019-04-17T17:01:59","modified_gmt":"2019-04-17T15:01:59","slug":"que-es-una-especialidad-formativa","status":"publish","type":"post","link":"https:\/\/euroinnovaeditorial.es\/blog\/especialidades-formativas\/que-es-una-especialidad-formativa\/","title":{"rendered":"Qu\u00e9 es una especialidad formativa y cu\u00e1les son sus tipos"},"content":{"rendered":"<p>Aunque muchos de nuestros lectores conocer\u00e1n de sobra <strong>qu\u00e9 es una especialidad formativa<\/strong>, este art\u00edculo les puede ser de inter\u00e9s para asentar o ampliar sus conocimientos en dicho tema. Si perteneces al grupo de los que no tienen claro qu\u00e9 son las especialidades formativas, no te preocupes, en este art\u00edculo te explicaremos de manera sencilla qu\u00e9 son, para qu\u00e9 sirven y qu\u00e9 tipos existen.<\/p>\n<p>Es importante que destaquemos antes de comenzar que a las especialidades formativas se les llama a todos aquellos <strong>cursos gratuitos que disponen de Titulaci\u00f3n Oficial expedida por el Ministerio de Empleo y Seguridad Social<\/strong>, pero realmente su definici\u00f3n va mucho m\u00e1s all\u00e1. Lo veremos a continuaci\u00f3n.<\/p>\n<p>&nbsp;<\/p>\n<h2>Definici\u00f3n de Especialidad Formativa<\/h2>\n<p>Seg\u00fan el <a href=\"https:\/\/www.sepe.es\/contenidos\/personas\/formacion\/especialidades_formativas\/buscador_especialidades_formativas.html\" target=\"_blank\" rel=\"nofollow noopener noreferrer\">SEPE<\/a>, una especialidad formativa es \u201cla <strong>agrupaci\u00f3n de contenidos, competencias profesionales y especificaciones t\u00e9cnica<\/strong>s que <strong>responde a un conjunto de actividades de trabajo<\/strong> enmarcadas en una fase del proceso de producci\u00f3n y con funciones afines\u201d.<\/p>\n<p>Es decir, se trata de un conjunto de conocimientos relacionados con una tarea espec\u00edfica o una profesi\u00f3n necesarios para desempe\u00f1ar dicha tarea o profesi\u00f3n, que se centran en las necesidades del mercado de trabajo.<\/p>\n<p>El SEPE es el organismo p\u00fablico encargado tanto de actualizar la oferta p\u00fablica de Especialidades Formativas como de informar de la normativa y bases reguladoras para la concesi\u00f3n de subvenciones p\u00fablicas.<\/p>\n<p>&nbsp;<\/p>\n<h3>Los tipos de especialidades formativas<\/h3>\n<p>Ahora que conoces qu\u00e9 es una especialidad formativa, podemos pasar a ver los distintos tipos que existen. Son cuatro:<\/p>\n<ul>\n<li><strong>USO GENERAL<\/strong><\/li>\n<li><strong>COMPLEMENTARIA<\/strong><\/li>\n<li><strong>MODULAR<\/strong><\/li>\n<li><strong>CERTIFICADOS DE PROFESIONALIDAD<\/strong><\/li>\n<\/ul>\n<p>Las especialidades de uso general y complementarias son acciones formativas no modulares que <strong>no son vinculadas a la obtenci\u00f3n de certificados de profesionalidad<\/strong>.<\/p>\n<p>Las especialidades formativas modulares son aquellas que est\u00e1n formadas por uno o varios m\u00f3dulos vinculados a la obtenci\u00f3n de los certificados de profesionalidad. Por ejemplo, un certificado de profesionalidad est\u00e1 formado por varios m\u00f3dulos, y para poder conseguir dicha acreditaci\u00f3n es necesario superar todos los m\u00f3dulos. Si a una persona le falta un m\u00f3dulo para poder adquirir un certificado de profesionalidad, puede cursar dicho m\u00f3dulo individual.<\/p>\n<p>Las <strong>Especialidades Formativas vinculadas a la obtenci\u00f3n de certificados de profesionalidad<\/strong> son aquellas que puede un trabajador cursar para obtener su t\u00edtulo que acredite que tiene la competencia necesaria para desempe\u00f1ar una tarea profesional espec\u00edfica.<\/p>\n<p>&nbsp;<\/p>\n<h3>La confusi\u00f3n entre especialidades formativas y certificados de profesionalidad<\/h3>\n<p>Sabemos que ambos conceptos pueden crear confusi\u00f3n. A d\u00eda de hoy, se distingue entre especialidades formativas y certificados de profesionalidad. Se dice que un trabajador puede realizar una especialidad formativa o un certificado de profesionalidad, y es aqu\u00ed donde se genera la confusi\u00f3n, ya que un certificado de profesionalidad se supone que es una especialidad formativa.<\/p>\n<p>A lo largo de los a\u00f1os, <strong>los certificados de profesionalidad han cogido mucha importancia<\/strong> (tanto que algunos son <a href=\"https:\/\/euroinnovaeditorial.es\/blog\/certificados-de-profesionalidad\/que-son-profesiones-reguladas\/\">obligatorios<\/a> para poder trabajar en algunas profesiones), dando lugar a que se les d\u00e9 el mismo nivel y valor que el t\u00e9rmino de \u201cespecialidades formativas\u201d.<\/p>\n<p>Por ello, se podr\u00edan decir que existen las especialidades formativas y los certificados de profesionalidad. La <strong>principal diferencia<\/strong> es que los certificados de profesionalidad acreditan las competencias profesionales mientras que las especialidades formativas no.<\/p>\n<p>&nbsp;<\/p>\n<h2>\u00a1Te resolvemos cualquier duda!<\/h2>\n<p>Esperamos que te hayamos aclarado qu\u00e9 es una especialidad formativa y, desde Euroinnova Editorial, queremos aclararte cualquier tema o dude que genere confusi\u00f3n o problema. As\u00ed que no dudes en ponerte en contacto con nosotros si lo deseas. Puedes dejarnos un comentario aqu\u00ed mismo en este art\u00edculo, escribirnos un mail a pedidos@euroinnovaeditorial.com o llamarnos al 958 050 222.<\/p>\n<p>Adem\u00e1s, no dejes de consultar <a href=\"http:\/\/euroinnovaeditorial.es\/editorial\/66-especialidades-formativas\">nuestro cat\u00e1logo<\/a>. Tenemos las especialidades formativas y certificados de profesionalidad adaptados al modelo de Formaci\u00f3n por Competencias y al Cat\u00e1logo Nacional de Cualificaciones Profesionales y a los Certificados de Profesionalidad.<\/p>\n\n\n<div class=\"kk-star-ratings kksr-auto kksr-align-left kksr-valign-bottom\"\n    data-payload='{&quot;align&quot;:&quot;left&quot;,&quot;id&quot;:&quot;360&quot;,&quot;slug&quot;:&quot;default&quot;,&quot;valign&quot;:&quot;bottom&quot;,&quot;ignore&quot;:&quot;&quot;,&quot;reference&quot;:&quot;auto&quot;,&quot;class&quot;:&quot;&quot;,&quot;count&quot;:&quot;1&quot;,&quot;legendonly&quot;:&quot;&quot;,&quot;readonly&quot;:&quot;&quot;,&quot;score&quot;:&quot;5&quot;,&quot;starsonly&quot;:&quot;&quot;,&quot;best&quot;:&quot;5&quot;,&quot;gap&quot;:&quot;5&quot;,&quot;greet&quot;:&quot;Rate this post&quot;,&quot;legend&quot;:&quot;5\\\/5 - (1 vote)&quot;,&quot;size&quot;:&quot;24&quot;,&quot;title&quot;:&quot;Qu\\u00e9 es una especialidad formativa y cu\\u00e1les son sus tipos&quot;,&quot;width&quot;:&quot;142.5&quot;,&quot;_legend&quot;:&quot;{score}\\\/{best} - ({count} {votes})&quot;,&quot;font_factor&quot;:&quot;1.25&quot;}'>\n            \n<div class=\"kksr-stars\">\n    \n<div class=\"kksr-stars-inactive\">\n            <div class=\"kksr-star\" data-star=\"1\" style=\"padding-right: 5px\">\n            \n\n<div class=\"kksr-icon\" style=\"width: 24px; height: 24px;\"><\/div>\n        <\/div>\n            <div class=\"kksr-star\" data-star=\"2\" style=\"padding-right: 5px\">\n            \n\n<div class=\"kksr-icon\" style=\"width: 24px; height: 24px;\"><\/div>\n        <\/div>\n            <div class=\"kksr-star\" data-star=\"3\" style=\"padding-right: 5px\">\n            \n\n<div class=\"kksr-icon\" style=\"width: 24px; height: 24px;\"><\/div>\n        <\/div>\n            <div class=\"kksr-star\" data-star=\"4\" style=\"padding-right: 5px\">\n            \n\n<div class=\"kksr-icon\" style=\"width: 24px; height: 24px;\"><\/div>\n        <\/div>\n            <div class=\"kksr-star\" data-star=\"5\" style=\"padding-right: 5px\">\n            \n\n<div class=\"kksr-icon\" style=\"width: 24px; height: 24px;\"><\/div>\n        <\/div>\n    <\/div>\n    \n<div class=\"kksr-stars-active\" style=\"width: 142.5px;\">\n            <div class=\"kksr-star\" style=\"padding-right: 5px\">\n            \n\n<div class=\"kksr-icon\" style=\"width: 24px; height: 24px;\"><\/div>\n        <\/div>\n            <div class=\"kksr-star\" style=\"padding-right: 5px\">\n            \n\n<div class=\"kksr-icon\" style=\"width: 24px; height: 24px;\"><\/div>\n        <\/div>\n            <div class=\"kksr-star\" style=\"padding-right: 5px\">\n            \n\n<div class=\"kksr-icon\" style=\"width: 24px; height: 24px;\"><\/div>\n        <\/div>\n            <div class=\"kksr-star\" style=\"padding-right: 5px\">\n            \n\n<div class=\"kksr-icon\" style=\"width: 24px; height: 24px;\"><\/div>\n        <\/div>\n            <div class=\"kksr-star\" style=\"padding-right: 5px\">\n            \n\n<div class=\"kksr-icon\" style=\"width: 24px; height: 24px;\"><\/div>\n        <\/div>\n    <\/div>\n<\/div>\n                \n\n<div class=\"kksr-legend\" style=\"font-size: 19.2px;\">\n            5\/5 - (1 vote)    <\/div>\n    <\/div>\n","protected":false},"excerpt":{"rendered":"<p>En este art\u00edculo hablaremos sobre qu\u00e9 es una especialidad formativa y cu\u00e1les son los tipos que existen. Adem\u00e1s, veremos porqu\u00e9 genera confusi\u00f3n los conceptos de especialidad formativas y certificado de profesionalidad.<\/p>\n","protected":false},"author":6,"featured_media":362,"comment_status":"open","ping_status":"open","sticky":false,"template":"","format":"standard","meta":[],"categories":[5],"tags":[],"yoast_head":"<!-- This site is optimized with the Yoast SEO plugin v20.8 - https:\/\/yoast.com\/wordpress\/plugins\/seo\/ -->\n<title>\u00bfQu\u00e9 es una especialidad formativa? \u00bfQu\u00e9 tipos existen?<\/title>\n<meta name=\"description\" content=\"En este art\u00edculo de Euroinnova Editorial podr\u00e1s averiguar qu\u00e9 es una especialidad formativa y cu\u00e1les son los tipos que existen.\" \/>\n<meta name=\"robots\" content=\"index, follow, max-snippet:-1, max-image-preview:large, max-video-preview:-1\" \/>\n<link rel=\"canonical\" href=\"https:\/\/euroinnovaeditorial.es\/blog\/especialidades-formativas\/que-es-una-especialidad-formativa\/\" \/>\n<meta property=\"og:locale\" content=\"es_ES\" \/>\n<meta property=\"og:type\" content=\"article\" \/>\n<meta property=\"og:title\" content=\"\u00bfQu\u00e9 es una especialidad formativa? \u00bfQu\u00e9 tipos existen?\" \/>\n<meta property=\"og:description\" content=\"En este art\u00edculo de Euroinnova Editorial podr\u00e1s averiguar qu\u00e9 es una especialidad formativa y cu\u00e1les son los tipos que existen.\" \/>\n<meta property=\"og:url\" content=\"https:\/\/euroinnovaeditorial.es\/blog\/especialidades-formativas\/que-es-una-especialidad-formativa\/\" \/>\n<meta property=\"og:site_name\" content=\"Blog Euroinnova Editorial\" \/>\n<meta property=\"article:published_time\" content=\"2019-04-17T15:01:59+00:00\" \/>\n<meta property=\"og:image\" content=\"https:\/\/euroinnovaeditorial.es\/blog\/wp-content\/uploads\/2019\/04\/ballpen-blur-close-up-1925536.jpg\" \/>\n\t<meta property=\"og:image:width\" content=\"1620\" \/>\n\t<meta property=\"og:image:height\" content=\"1080\" \/>\n\t<meta property=\"og:image:type\" content=\"image\/jpeg\" \/>\n<meta name=\"author\" content=\"Emilio Zamora Garc\u00eda\" \/>\n<meta name=\"twitter:card\" content=\"summary_large_image\" \/>\n<meta name=\"twitter:label1\" content=\"Written by\" \/>\n\t<meta name=\"twitter:data1\" content=\"Emilio Zamora Garc\u00eda\" \/>\n\t<meta name=\"twitter:label2\" content=\"Est. reading time\" \/>\n\t<meta name=\"twitter:data2\" content=\"3 minutos\" \/>\n<script type=\"application\/ld+json\" class=\"yoast-schema-graph\">{\"@context\":\"https:\/\/schema.org\",\"@graph\":[{\"@type\":\"WebPage\",\"@id\":\"https:\/\/euroinnovaeditorial.es\/blog\/especialidades-formativas\/que-es-una-especialidad-formativa\/\",\"url\":\"https:\/\/euroinnovaeditorial.es\/blog\/especialidades-formativas\/que-es-una-especialidad-formativa\/\",\"name\":\"\u00bfQu\u00e9 es una especialidad formativa? \u00bfQu\u00e9 tipos existen?\",\"isPartOf\":{\"@id\":\"https:\/\/euroinnovaeditorial.es\/blog\/#website\"},\"datePublished\":\"2019-04-17T15:01:59+00:00\",\"dateModified\":\"2019-04-17T15:01:59+00:00\",\"author\":{\"@id\":\"https:\/\/euroinnovaeditorial.es\/blog\/#\/schema\/person\/775e3c6fb602747134abf243f065693a\"},\"description\":\"En este art\u00edculo de Euroinnova Editorial podr\u00e1s averiguar qu\u00e9 es una especialidad formativa y cu\u00e1les son los tipos que existen.\",\"breadcrumb\":{\"@id\":\"https:\/\/euroinnovaeditorial.es\/blog\/especialidades-formativas\/que-es-una-especialidad-formativa\/#breadcrumb\"},\"inLanguage\":\"es\",\"potentialAction\":[{\"@type\":\"ReadAction\",\"target\":[\"https:\/\/euroinnovaeditorial.es\/blog\/especialidades-formativas\/que-es-una-especialidad-formativa\/\"]}]},{\"@type\":\"BreadcrumbList\",\"@id\":\"https:\/\/euroinnovaeditorial.es\/blog\/especialidades-formativas\/que-es-una-especialidad-formativa\/#breadcrumb\",\"itemListElement\":[{\"@type\":\"ListItem\",\"position\":1,\"name\":\"Blog\",\"item\":\"https:\/\/euroinnovaeditorial.es\/blog\/\"},{\"@type\":\"ListItem\",\"position\":2,\"name\":\"Especialidades formativas\",\"item\":\"https:\/\/euroinnovaeditorial.es\/blog\/especialidades-formativas\/\"},{\"@type\":\"ListItem\",\"position\":3,\"name\":\"Qu\u00e9 es una especialidad formativa y cu\u00e1les son sus tipos\"}]},{\"@type\":\"WebSite\",\"@id\":\"https:\/\/euroinnovaeditorial.es\/blog\/#website\",\"url\":\"https:\/\/euroinnovaeditorial.es\/blog\/\",\"name\":\"Blog Euroinnova Editorial\",\"description\":\"Blog de la web Euroinnova Editorial\",\"potentialAction\":[{\"@type\":\"SearchAction\",\"target\":{\"@type\":\"EntryPoint\",\"urlTemplate\":\"https:\/\/euroinnovaeditorial.es\/blog\/?s={search_term_string}\"},\"query-input\":\"required name=search_term_string\"}],\"inLanguage\":\"es\"},{\"@type\":\"Person\",\"@id\":\"https:\/\/euroinnovaeditorial.es\/blog\/#\/schema\/person\/775e3c6fb602747134abf243f065693a\",\"name\":\"Emilio Zamora Garc\u00eda\",\"image\":{\"@type\":\"ImageObject\",\"inLanguage\":\"es\",\"@id\":\"https:\/\/euroinnovaeditorial.es\/blog\/#\/schema\/person\/image\/\",\"url\":\"https:\/\/secure.gravatar.com\/avatar\/289a8bacd8785ba2cf510e8e8d1a632b?s=96&d=mm&r=g\",\"contentUrl\":\"https:\/\/secure.gravatar.com\/avatar\/289a8bacd8785ba2cf510e8e8d1a632b?s=96&d=mm&r=g\",\"caption\":\"Emilio Zamora Garc\u00eda\"},\"description\":\"Licenciado en Administraci\u00f3n y Direcci\u00f3n de Empresas. Actualmente trabaja en Euroinnova Editorial como T\u00e9cnico Editorial.\"}]}<\/script>\n<!-- \/ Yoast SEO plugin. -->","yoast_head_json":{"title":"\u00bfQu\u00e9 es una especialidad formativa? \u00bfQu\u00e9 tipos existen?","description":"En este art\u00edculo de Euroinnova Editorial podr\u00e1s averiguar qu\u00e9 es una especialidad formativa y cu\u00e1les son los tipos que existen.","robots":{"index":"index","follow":"follow","max-snippet":"max-snippet:-1","max-image-preview":"max-image-preview:large","max-video-preview":"max-video-preview:-1"},"canonical":"https:\/\/euroinnovaeditorial.es\/blog\/especialidades-formativas\/que-es-una-especialidad-formativa\/","og_locale":"es_ES","og_type":"article","og_title":"\u00bfQu\u00e9 es una especialidad formativa? \u00bfQu\u00e9 tipos existen?","og_description":"En este art\u00edculo de Euroinnova Editorial podr\u00e1s averiguar qu\u00e9 es una especialidad formativa y cu\u00e1les son los tipos que existen.","og_url":"https:\/\/euroinnovaeditorial.es\/blog\/especialidades-formativas\/que-es-una-especialidad-formativa\/","og_site_name":"Blog Euroinnova Editorial","article_published_time":"2019-04-17T15:01:59+00:00","og_image":[{"width":1620,"height":1080,"url":"https:\/\/euroinnovaeditorial.es\/blog\/wp-content\/uploads\/2019\/04\/ballpen-blur-close-up-1925536.jpg","type":"image\/jpeg"}],"author":"Emilio Zamora Garc\u00eda","twitter_card":"summary_large_image","twitter_misc":{"Written by":"Emilio Zamora Garc\u00eda","Est. reading time":"3 minutos"},"schema":{"@context":"https:\/\/schema.org","@graph":[{"@type":"WebPage","@id":"https:\/\/euroinnovaeditorial.es\/blog\/especialidades-formativas\/que-es-una-especialidad-formativa\/","url":"https:\/\/euroinnovaeditorial.es\/blog\/especialidades-formativas\/que-es-una-especialidad-formativa\/","name":"\u00bfQu\u00e9 es una especialidad formativa? \u00bfQu\u00e9 tipos existen?","isPartOf":{"@id":"https:\/\/euroinnovaeditorial.es\/blog\/#website"},"datePublished":"2019-04-17T15:01:59+00:00","dateModified":"2019-04-17T15:01:59+00:00","author":{"@id":"https:\/\/euroinnovaeditorial.es\/blog\/#\/schema\/person\/775e3c6fb602747134abf243f065693a"},"description":"En este art\u00edculo de Euroinnova Editorial podr\u00e1s averiguar qu\u00e9 es una especialidad formativa y cu\u00e1les son los tipos que existen.","breadcrumb":{"@id":"https:\/\/euroinnovaeditorial.es\/blog\/especialidades-formativas\/que-es-una-especialidad-formativa\/#breadcrumb"},"inLanguage":"es","potentialAction":[{"@type":"ReadAction","target":["https:\/\/euroinnovaeditorial.es\/blog\/especialidades-formativas\/que-es-una-especialidad-formativa\/"]}]},{"@type":"BreadcrumbList","@id":"https:\/\/euroinnovaeditorial.es\/blog\/especialidades-formativas\/que-es-una-especialidad-formativa\/#breadcrumb","itemListElement":[{"@type":"ListItem","position":1,"name":"Blog","item":"https:\/\/euroinnovaeditorial.es\/blog\/"},{"@type":"ListItem","position":2,"name":"Especialidades formativas","item":"https:\/\/euroinnovaeditorial.es\/blog\/especialidades-formativas\/"},{"@type":"ListItem","position":3,"name":"Qu\u00e9 es una especialidad formativa y cu\u00e1les son sus tipos"}]},{"@type":"WebSite","@id":"https:\/\/euroinnovaeditorial.es\/blog\/#website","url":"https:\/\/euroinnovaeditorial.es\/blog\/","name":"Blog Euroinnova Editorial","description":"Blog de la web Euroinnova Editorial","potentialAction":[{"@type":"SearchAction","target":{"@type":"EntryPoint","urlTemplate":"https:\/\/euroinnovaeditorial.es\/blog\/?s={search_term_string}"},"query-input":"required name=search_term_string"}],"inLanguage":"es"},{"@type":"Person","@id":"https:\/\/euroinnovaeditorial.es\/blog\/#\/schema\/person\/775e3c6fb602747134abf243f065693a","name":"Emilio Zamora Garc\u00eda","image":{"@type":"ImageObject","inLanguage":"es","@id":"https:\/\/euroinnovaeditorial.es\/blog\/#\/schema\/person\/image\/","url":"https:\/\/secure.gravatar.com\/avatar\/289a8bacd8785ba2cf510e8e8d1a632b?s=96&d=mm&r=g","contentUrl":"https:\/\/secure.gravatar.com\/avatar\/289a8bacd8785ba2cf510e8e8d1a632b?s=96&d=mm&r=g","caption":"Emilio Zamora Garc\u00eda"},"description":"Licenciado en Administraci\u00f3n y Direcci\u00f3n de Empresas. Actualmente trabaja en Euroinnova Editorial como T\u00e9cnico Editorial."}]}},"_links":{"self":[{"href":"https:\/\/euroinnovaeditorial.es\/blog\/wp-json\/wp\/v2\/posts\/360"}],"collection":[{"href":"https:\/\/euroinnovaeditorial.es\/blog\/wp-json\/wp\/v2\/posts"}],"about":[{"href":"https:\/\/euroinnovaeditorial.es\/blog\/wp-json\/wp\/v2\/types\/post"}],"author":[{"embeddable":true,"href":"https:\/\/euroinnovaeditorial.es\/blog\/wp-json\/wp\/v2\/users\/6"}],"replies":[{"embeddable":true,"href":"https:\/\/euroinnovaeditorial.es\/blog\/wp-json\/wp\/v2\/comments?post=360"}],"version-history":[{"count":4,"href":"https:\/\/euroinnovaeditorial.es\/blog\/wp-json\/wp\/v2\/posts\/360\/revisions"}],"predecessor-version":[{"id":365,"href":"https:\/\/euroinnovaeditorial.es\/blog\/wp-json\/wp\/v2\/posts\/360\/revisions\/365"}],"wp:featuredmedia":[{"embeddable":true,"href":"https:\/\/euroinnovaeditorial.es\/blog\/wp-json\/wp\/v2\/media\/362"}],"wp:attachment":[{"href":"https:\/\/euroinnovaeditorial.es\/blog\/wp-json\/wp\/v2\/media?parent=360"}],"wp:term":[{"taxonomy":"category","embeddable":true,"href":"https:\/\/euroinnovaeditorial.es\/blog\/wp-json\/wp\/v2\/categories?post=360"},{"taxonomy":"post_tag","embeddable":true,"href":"https:\/\/euroinnovaeditorial.es\/blog\/wp-json\/wp\/v2\/tags?post=360"}],"curies":[{"name":"wp","href":"https:\/\/api.w.org\/{rel}","templated":true}]}}